{"id":136766,"date":"2024-05-18T15:08:53","date_gmt":"2024-05-18T18:08:53","guid":{"rendered":"https:\/\/centraldeportes.com.ar\/?p=51248"},"modified":"2025-02-13T17:36:55","modified_gmt":"2025-02-13T20:36:55","slug":"nacho-pietrobono-fue-figura-y-se-quedo-con-el-duelo-entre-olavarrienses","status":"publish","type":"post","link":"https:\/\/cdnoticias.com\/index.php\/2024\/05\/18\/nacho-pietrobono-fue-figura-y-se-quedo-con-el-duelo-entre-olavarrienses\/","title":{"rendered":"\u201cNacho\u201d Pietrobono fue figura y se qued\u00f3 con el duelo entre olavarrienses"},"content":{"rendered":"<p>El \u201cDrag\u00f3n\u201d venci\u00f3 al Col\u00f3n de Braian Guille y se le arrim\u00f3 en la cima de la Zona B. Adem\u00e1s, la jornada cont\u00f3 con las presencias de Batigelli y Wiechniak.<!--more--><\/p>\n<hr \/>\n<p>El pasado lunes, la<strong> Primera Nacional<\/strong> del f\u00fatbol argentino disput\u00f3 completamente la <strong>15\u00b0 fecha<\/strong> del campeonato y fue con un duelo trascendental entre dos de los representantes olavarrienses en la categor\u00eda.<\/p>\n<p>&nbsp;<\/p>\n<p>Con gol del \u201cTopo\u201d Aguirre, <strong>Defensores de Belgrano venci\u00f3 1 a 0 a Col\u00f3n de Santa Fe en el Bajo N\u00fa\u00f1ez<\/strong> y achico la brecha de puntos quedando a dos por debajo del \u201cSabalero, que contin\u00faa siendo el \u00fanico puntero de la Zona B.<\/p>\n<p>&nbsp;<\/p>\n<p>En el \u201cDefe\u201d, <strong>Ignacio Pietrobono fue titular bajo los tres palos y se condecor\u00f3 como la figura del encuentro<\/strong> tras una notable atajada que evit\u00f3 el empate sobre el final del partido.<\/p>\n<p>&nbsp;<\/p>\n<blockquote class=\"twitter-tweet\" data-width=\"550\" data-dnt=\"true\">\n<p lang=\"es\" dir=\"ltr\">\u00bfLa atajada del finde? Ignacio Pietrobono meti\u00f3 este TAPAD\u00d3N sobre la hora para mantener el 1-0 de <a href=\"https:\/\/twitter.com\/defeweb?ref_src=twsrc%5Etfw\">@defeweb<\/a> sobre Col\u00f3n y ganarle as\u00ed al l\u00edder de la Zona B<a href=\"https:\/\/twitter.com\/hashtag\/NacionalEnTyCSports?src=hash&amp;ref_src=twsrc%5Etfw\">#NacionalEnTyCSports<\/a> <a href=\"https:\/\/t.co\/341JUZjsII\">pic.twitter.com\/341JUZjsII<\/a><\/p>\n<p>&mdash; TyC Sports Play (@TyCSportsPlay) <a href=\"https:\/\/twitter.com\/TyCSportsPlay\/status\/1790382870227259629?ref_src=twsrc%5Etfw\">May 14, 2024<\/a><\/p><\/blockquote>\n<p><script async src=\"https:\/\/platform.twitter.com\/widgets.js\" charset=\"utf-8\"><\/script><\/p>\n<p>&nbsp;<\/p>\n<p>Por su parte, en la otra vereda, <strong>Braian Guille<\/strong> form\u00f3 parte del once inicial en el conjunto santafesino y estuvo en cancha hasta los 79\u2019, ya que luego sali\u00f3 reemplazado por Cristian Bernardi.<\/p>\n<p>&nbsp;<\/p>\n<div class=\"tiled-gallery type-rectangular tiled-gallery-unresized\" data-original-width=\"800\" data-carousel-extra='null' itemscope itemtype=\"http:\/\/schema.org\/ImageGallery\" > <div class=\"gallery-row\" style=\"width: 800px; height: 482px;\" data-original-width=\"800\" data-original-height=\"482\" > <div class=\"gallery-group images-1\" style=\"width: 800px; height: 482px;\" data-original-width=\"800\" data-original-height=\"482\" > <div class=\"tiled-gallery-item tiled-gallery-item-large\" itemprop=\"associatedMedia\" itemscope itemtype=\"http:\/\/schema.org\/ImageObject\"> <a href=\"https:\/\/i0.wp.com\/cdnoticias.com\/wp-content\/uploads\/2022\/04\/fmanes.jpg?ssl=1\" border=\"0\" itemprop=\"url\"> <meta itemprop=\"width\" content=\"796\"> <meta itemprop=\"height\" content=\"478\"> <img decoding=\"async\" class=\"\" data-attachment-id=\"51250\" data-orig-file=\"https:\/\/cdnoticias.com\/wp-content\/uploads\/2022\/04\/fmanes.jpg\" data-orig-size=\"1500,900\" data-comments-opened=\"\" data-image-meta=\"{&quot;aperture&quot;:&quot;0&quot;,&quot;credit&quot;:&quot;&quot;,&quot;camera&quot;:&quot;&quot;,&quot;caption&quot;:&quot;&quot;,&quot;created_timestamp&quot;:&quot;0&quot;,&quot;copyright&quot;:&quot;&quot;,&quot;focal_length&quot;:&quot;0&quot;,&quot;iso&quot;:&quot;0&quot;,&quot;shutter_speed&quot;:&quot;0&quot;,&quot;title&quot;:&quot;&quot;,&quot;orientation&quot;:&quot;1&quot;}\" data-image-title=\"fmanes\" data-image-description=\"\" data-medium-file=\"https:\/\/i0.wp.com\/cdnoticias.com\/wp-content\/uploads\/2022\/04\/fmanes.jpg?fit=300%2C180&#038;ssl=1\" data-large-file=\"https:\/\/i0.wp.com\/cdnoticias.com\/wp-content\/uploads\/2022\/04\/fmanes.jpg?fit=800%2C480&#038;ssl=1\" src=\"https:\/\/i0.wp.com\/cdnoticias.com\/wp-content\/uploads\/2022\/04\/fmanes.jpg?w=796&#038;h=478&#038;ssl=1\" srcset=\"https:\/\/i0.wp.com\/cdnoticias.com\/wp-content\/uploads\/2022\/04\/fmanes.jpg?w=1500&amp;ssl=1 1500w, https:\/\/i0.wp.com\/cdnoticias.com\/wp-content\/uploads\/2022\/04\/fmanes.jpg?resize=300%2C180&amp;ssl=1 300w, https:\/\/i0.wp.com\/cdnoticias.com\/wp-content\/uploads\/2022\/04\/fmanes.jpg?resize=1024%2C614&amp;ssl=1 1024w, https:\/\/i0.wp.com\/cdnoticias.com\/wp-content\/uploads\/2022\/04\/fmanes.jpg?resize=768%2C461&amp;ssl=1 768w\" width=\"796\" height=\"478\" loading=\"lazy\" data-original-width=\"796\" data-original-height=\"478\" itemprop=\"http:\/\/schema.org\/image\" title=\"fmanes\" alt=\"fmanes\" style=\"width: 796px; height: 478px;\" \/> <\/a> <\/div> <\/div> <!-- close group --> <\/div> <!-- close row --> <\/div>\n<p>&nbsp;<\/p>\n<p>Formando parte de la n\u00f3mina de suplentes y sin sumar minutos en cuesti\u00f3n, <strong>Carlos Batigelli<\/strong> estuvo presente en la derrota 3 a 0 de San Miguel a manos de Gimnasia y Esgrima de Jujuy, mientras que <strong>Facundo Wiechniak<\/strong> tuvo la misma realidad en la ca\u00edda 2 \u2013 0 de Mitre frente a Temperley.<\/p>\n<p>&nbsp;<\/p>\n<p><img data-recalc-dims=\"1\" loading=\"lazy\" decoding=\"async\" class=\"aligncenter size-full wp-image-51249\" src=\"https:\/\/i0.wp.com\/cdnoticias.com\/wp-content\/uploads\/2024\/05\/Wiechniak-Mitre-Copa-Argentina-e1716055694936.jpg?resize=800%2C683&#038;ssl=1\" alt=\"\" width=\"800\" height=\"683\" \/><\/p>\n<p>&nbsp;<\/p>\n<p>No obstante, el pasado mi\u00e9rcoles <strong>por Copa Argentina<\/strong>,<strong> el defensor olavarriense fue testigo de la victoria \u201cAurinegra\u201d 1 a 0 sobre Gimnasia de Mendoza<\/strong>, resultado que les concedi\u00f3 el boleto a los octavos de final. Su rival saldr\u00e1 del cruce entre River Plate y Temperley, que se medir\u00e1n este martes desde las 21:10 horas en el Estadio Malvinas Argentinas de la ciudad mendocina.<\/p>\n<p>&nbsp;<\/p>\n<p><em><strong>Foto: Defensores de Belgrano.<\/strong><\/em><\/p>\n","protected":false},"excerpt":{"rendered":"<p>El \u201cDrag\u00f3n\u201d venci\u00f3 al Col\u00f3n de Braian Guille y se le arrim\u00f3 en la cima de la Zona B. Adem\u00e1s,<\/p>\n","protected":false},"author":96739694,"featured_media":161144,"comment_status":"closed","ping_status":"closed","sticky":false,"template":"","format":"standard","meta":{"_jetpack_memberships_contains_paid_content":false,"footnotes":""},"categories":[37,1],"tags":[],"class_list":["post-136766","post","type-post","status-publish","format-standard","has-post-thumbnail","hentry","category-futbol-profesional","category-portada"],"jetpack_featured_media_url":"https:\/\/i0.wp.com\/cdnoticias.com\/wp-content\/uploads\/2024\/05\/Pietrobono-Defensores-Primera-Nacional-Fecha-15.jpg?fit=1000%2C1000&ssl=1","jetpack_sharing_enabled":true,"_links":{"self":[{"href":"https:\/\/cdnoticias.com\/index.php\/wp-json\/wp\/v2\/posts\/136766","targetHints":{"allow":["GET"]}}],"collection":[{"href":"https:\/\/cdnoticias.com\/index.php\/wp-json\/wp\/v2\/posts"}],"about":[{"href":"https:\/\/cdnoticias.com\/index.php\/wp-json\/wp\/v2\/types\/post"}],"author":[{"embeddable":true,"href":"https:\/\/cdnoticias.com\/index.php\/wp-json\/wp\/v2\/users\/96739694"}],"replies":[{"embeddable":true,"href":"https:\/\/cdnoticias.com\/index.php\/wp-json\/wp\/v2\/comments?post=136766"}],"version-history":[{"count":0,"href":"https:\/\/cdnoticias.com\/index.php\/wp-json\/wp\/v2\/posts\/136766\/revisions"}],"wp:featuredmedia":[{"embeddable":true,"href":"https:\/\/cdnoticias.com\/index.php\/wp-json\/wp\/v2\/media\/161144"}],"wp:attachment":[{"href":"https:\/\/cdnoticias.com\/index.php\/wp-json\/wp\/v2\/media?parent=136766"}],"wp:term":[{"taxonomy":"category","embeddable":true,"href":"https:\/\/cdnoticias.com\/index.php\/wp-json\/wp\/v2\/categories?post=136766"},{"taxonomy":"post_tag","embeddable":true,"href":"https:\/\/cdnoticias.com\/index.php\/wp-json\/wp\/v2\/tags?post=136766"}],"curies":[{"name":"wp","href":"https:\/\/api.w.org\/{rel}","templated":true}]}}