{"id":136751,"date":"2024-05-16T14:44:08","date_gmt":"2024-05-16T17:44:08","guid":{"rendered":"https:\/\/centraldeportes.com.ar\/?p=51180"},"modified":"2025-02-13T17:23:42","modified_gmt":"2025-02-13T20:23:42","slug":"juegos-bonaerenses-arranco-en-adultos-y-tienen-fecha-los-juveniles","status":"publish","type":"post","link":"https:\/\/cdnoticias.com\/index.php\/2024\/05\/16\/juegos-bonaerenses-arranco-en-adultos-y-tienen-fecha-los-juveniles\/","title":{"rendered":"Juegos Bonaerenses: arranc\u00f3 en Adultos y tienen fecha los Juveniles"},"content":{"rendered":"\n<div class=\"wp-block-group is-layout-constrained wp-block-group-is-layout-constrained\">\n<p>Los Juegos Bonaerenses 2024 tuvieron el comienzo de su actividad. En el transcurso del pasado martes qued\u00f3 formalmente inaugurada la etapa municipal.<!--more--><\/p>\n<hr \/>\n<p>El<strong> tejo, <\/strong>entre las personas adultas, fue la primera actividad deportiva de la temporada y tambi\u00e9n qued\u00f3 definida la fecha de arranque para las categor\u00edas Juveniles.<\/p>\n<p>\u00a0<\/p>\n<p>La jornada inaugural dej\u00f3 tambi\u00e9n los primeros clasificados a la fase regional. En Femenino A, festejaron<strong> Alicia De los Santos<\/strong> y <strong>Olga Go\u00f1i<\/strong>, en Femenino B lo hicieron <strong>Marta Abraham<\/strong> y <strong>Paulina Calder\u00f3n<\/strong>, en Masculino A <strong>Mario Walter<\/strong> y <strong>Manuel Prego<\/strong> se quedaron con la etapa local y en Masculino B, <strong>Carlos Graff<\/strong> y<strong> Roberto Gil<\/strong> obtuvieron la clasificaci\u00f3n.<\/p>\n<p>\u00a0<\/p>\n<p>Adem\u00e1s, en Mixto A la victoria correspondi\u00f3 a la dupla integrada por <strong>Ra\u00fal Rinc\u00f3n<\/strong> y <strong>Elsa Mattaini<\/strong>, que venci\u00f3 en la final a <strong>Alicia Messineo<\/strong> y <strong>Jorge P\u00e9rez<\/strong> y en Mixto B, <strong>Rub\u00e9n Campos<\/strong> y <strong>Paulina Calder\u00f3n<\/strong> se quedaron con la final al derrotar a <strong>Carlos Ortiz<\/strong> y <strong>Marta Abraham<\/strong>.<\/p>\n<p>\u00a0<\/p>\n<p>Por \u00faltimo, en Intergeneraci\u00f3n clasificaron <strong>Rolando Aravena<\/strong> y <strong>Thiago Duarte<\/strong>. La segunda ubicaci\u00f3n fue para <strong>Ana Caridi<\/strong> y<strong> Lucas Bustos<\/strong>.<\/p>\n<p>\u00a0<\/p>\n<p>Por otro lado, qued\u00f3 establecido que el pr\u00f3ximo viernes se iniciar\u00e1 la etapa municipal en Juveniles y el F\u00fatbol Tenis ser\u00e1 la disciplina encargada de inaugurar la competencia. La actividad, que comenzar\u00e1 a partir de las 9 horas, se desarrollar\u00e1 \u00edntegramente en el predio que el club El Fort\u00edn posee sobre avenida Pellegrini.<\/p>\n<p>\u00a0<\/p>\n<p>El pr\u00f3ximo lunes, pero en las canchas auxiliares que el club Estudiantes tiene sobre calle Chacabuco, se disputar\u00e1 la etapa municipal de F\u00fatbol 11, tanto en categor\u00eda Escolar como en Libre. Los partidos se iniciar\u00e1n a las 8 horas.<\/p>\n<p>\u00a0<\/p>\n<p>A partir de ese horario, pero en el Macrogimnasio ubicado en ese mismo sector del citado club, tambi\u00e9n se llevar\u00e1 a cabo la actividad de handball en la categor\u00eda Escolar.<\/p>\n<p>\u00a0<\/p>\n<ul>\n<li>\n<h6><strong>El cronograma en Adultos Mayores:<\/strong><\/h6>\n<\/li>\n<\/ul>\n<p>\u00a0<\/p>\n<p><em><strong>Jueves 16 de mayo<\/strong><\/em><\/p>\n<p>Pesca<\/p>\n<p>9 horas, Casa del Deporte, avenida Del Valle 3549. Reuni\u00f3n Informativa.<\/p>\n<p>Orientaci\u00f3n<\/p>\n<p>14:30 horas, en el monumento al General Don Jos\u00e9 de San Mart\u00edn, Almirante Brown y V\u00e9lez Sarsfield. Reuni\u00f3n Informativa y capacitaci\u00f3n.<\/p>\n<p>\u00a0<\/p>\n<p><em><strong>Lunes 20 de mayo<\/strong><\/em><\/p>\n<p>Caminata<\/p>\n<p>14 horas, Pista de Atletismo, Parque Avellaneda.<\/p>\n<p>\u00a0<\/p>\n<p><em><strong>Martes 21 de mayo<\/strong><\/em><\/p>\n<p>Pesca<\/p>\n<p>10:30 horas, complejo \u201cEl Laguito\u201d.<\/p>\n<p>\u00a0<\/p>\n<p><em><strong>Mi\u00e9rcoles 22 de mayo<\/strong><\/em><\/p>\n<p>Orientaci\u00f3n<\/p>\n<p>10 horas, Pista de Atletismo, Parque Avellaneda.<\/p>\n<p>Taba<\/p>\n<p>13.30 horas, en Sociedad de Fomento Mariano Moreno.<\/p>\n<\/div>\n","protected":false},"excerpt":{"rendered":"<p>Los Juegos Bonaerenses 2024 tuvieron el comienzo de su actividad. En el transcurso del pasado martes qued\u00f3 formalmente inaugurada la<\/p>\n","protected":false},"author":96739694,"featured_media":161052,"comment_status":"closed","ping_status":"closed","sticky":false,"template":"","format":"standard","meta":{"_jetpack_memberships_contains_paid_content":false,"footnotes":""},"categories":[30,1],"tags":[],"class_list":["post-136751","post","type-post","status-publish","format-standard","has-post-thumbnail","hentry","category-polideportivo","category-portada"],"jetpack_featured_media_url":"https:\/\/i0.wp.com\/cdnoticias.com\/wp-content\/uploads\/2024\/05\/Deportes-Bonaerenses-Adultos-3-e1715881437597.jpeg?fit=1600%2C888&ssl=1","jetpack_sharing_enabled":true,"_links":{"self":[{"href":"https:\/\/cdnoticias.com\/index.php\/wp-json\/wp\/v2\/posts\/136751","targetHints":{"allow":["GET"]}}],"collection":[{"href":"https:\/\/cdnoticias.com\/index.php\/wp-json\/wp\/v2\/posts"}],"about":[{"href":"https:\/\/cdnoticias.com\/index.php\/wp-json\/wp\/v2\/types\/post"}],"author":[{"embeddable":true,"href":"https:\/\/cdnoticias.com\/index.php\/wp-json\/wp\/v2\/users\/96739694"}],"replies":[{"embeddable":true,"href":"https:\/\/cdnoticias.com\/index.php\/wp-json\/wp\/v2\/comments?post=136751"}],"version-history":[{"count":0,"href":"https:\/\/cdnoticias.com\/index.php\/wp-json\/wp\/v2\/posts\/136751\/revisions"}],"wp:featuredmedia":[{"embeddable":true,"href":"https:\/\/cdnoticias.com\/index.php\/wp-json\/wp\/v2\/media\/161052"}],"wp:attachment":[{"href":"https:\/\/cdnoticias.com\/index.php\/wp-json\/wp\/v2\/media?parent=136751"}],"wp:term":[{"taxonomy":"category","embeddable":true,"href":"https:\/\/cdnoticias.com\/index.php\/wp-json\/wp\/v2\/categories?post=136751"},{"taxonomy":"post_tag","embeddable":true,"href":"https:\/\/cdnoticias.com\/index.php\/wp-json\/wp\/v2\/tags?post=136751"}],"curies":[{"name":"wp","href":"https:\/\/api.w.org\/{rel}","templated":true}]}}