{"id":136731,"date":"2024-05-12T23:49:21","date_gmt":"2024-05-13T02:49:21","guid":{"rendered":"https:\/\/centraldeportes.com.ar\/?p=51057"},"modified":"2025-02-13T17:24:13","modified_gmt":"2025-02-13T20:24:13","slug":"gano-el-puntero-hay-nuevo-escolta-y-queda-solo-un-cupo-para-playoffs","status":"publish","type":"post","link":"https:\/\/cdnoticias.com\/index.php\/2024\/05\/12\/gano-el-puntero-hay-nuevo-escolta-y-queda-solo-un-cupo-para-playoffs\/","title":{"rendered":"Gan\u00f3 el puntero, hay nuevo escolta y queda solo un cupo para playoffs"},"content":{"rendered":"\n<div class=\"wp-block-group is-layout-constrained wp-block-group-is-layout-constrained\">\n<p>Con mayor\u00eda de festejos locales, este domingo por la tarde se jug\u00f3 la pen\u00faltima fecha de la etapa local del Torneo Uni\u00f3n Deportiva Regional que ya tiene a siete de los ocho en la siguiente ronda. Espigas, Loma Negra y Colonias y Cerros pelear\u00e1n por el \u00faltimo boleto.<!--more--><\/p>\n<hr \/>\n<p>El d\u00e9cimo y pen\u00faltimo cap\u00edtulo de la fase regular del Torneo Interligas (etapa local) tuvo lugar este domingo por la tarde, con muchos goles, sorpresas y mayor\u00eda de festejos locales.<strong> Siete equipos ya clasificaron a los playoffs que designar\u00e1n a los cuatro representantes locales en la fase eliminatoria del Uni\u00f3n Deportiva Regional y a\u00fan resta por conocerse al octavo integrante<\/strong>.<\/p>\n<p>\u00a0<\/p>\n<p>En el primer turno de la jornada, <strong>Colonias y Cerros<\/strong> venci\u00f3 a <strong>San Mart\u00edn<\/strong> en el sint\u00e9tico del \u201cTete\u201d Di Carlo y mantiene las esperanzas. A su vez, le dio otro cachetazo al equipo del \u201cVasco\u201d Aranz\u00e1bal, que est\u00e1 \u00faltimo en la tabla.<\/p>\n<p>\u00a0<\/p>\n<p>Posteriormente, en un duelo que tuvo cuatro expulsados, <strong>El Fort\u00edn<\/strong> venci\u00f3 por la m\u00ednima diferencia a <strong>Hinojo<\/strong> y estir\u00f3 a dos su racha de triunfos. Sin embargo, a\u00fan con la derrota, el \u201cAlbiverde\u201d asegur\u00f3 su clasificaci\u00f3n.<\/p>\n<p>\u00a0<\/p>\n<p>En el Jos\u00e9 Salvador Stuppia, <strong>Ferro<\/strong> le gan\u00f3 a <strong>Municipales<\/strong> y contin\u00faa como \u00fanico puntero de la competencia seguido de <strong>Racing<\/strong>, que pas\u00f3 a ser el nuevo escolta tras golear a<strong> Espigas<\/strong> en el Buglione Martinese.<\/p>\n<p>\u00a0<\/p>\n<p><strong>Estudiantes<\/strong> dej\u00f3 escapar tal oportunidad y reparti\u00f3 puntos en un caliente enfrentamiento contra <strong>Loma Negra<\/strong> en la Villa Alfredo Fortabat. Y por \u00faltimo, el batacazo de la jornada lo dio <strong>Sierra Chica<\/strong>, que derrot\u00f3 a <strong>Embajadores<\/strong> en el Pedro Iriart Legorburu y despeg\u00f3 del \u00faltimo puesto. Adem\u00e1s, cort\u00f3 la racha de siete triunfos consecutivos con el arco en cero que acumulaba el equipo de la avenida Avellaneda.<\/p>\n<p>\u00a0<\/p>\n<p><strong>En Reserva, el \u201cChaira\u201d no para. Gan\u00f3 su d\u00e9cimo partido sobre diez presentaciones y contin\u00faa en lo m\u00e1s alto con puntaje ideal.<\/strong> Es seguido por Embajadores, San Mart\u00edn, Estudiantes y Colonias y Cerros, que comparten el mismo puntaje.<\/p>\n<p>\u00a0<\/p>\n<p>[soliloquy id=&#8221;51029&#8243;]<\/p>\n<p>\u00a0<\/p>\n<ul>\n<li>\n<h6><strong>Resultados:<\/strong><\/h6>\n<\/li>\n<\/ul>\n<p>\u00a0<\/p>\n<h6>Primera Divisi\u00f3n<\/h6>\n<p>\u00a0<\/p>\n<p><strong>Colonias y Cerros<\/strong> (Emmanuel Appelhans -2- y Braian Ruiz) <strong>3 \u2013 2 San Mart\u00edn<\/strong> (Paulo Ponce y Alejandro Alonso)<\/p>\n<p><strong>El Fort\u00edn<\/strong> (Tom\u00e1s L\u00f3pez)<strong> 1 \u2013 0 Hinojo<\/strong><\/p>\n<p><a href=\"https:\/\/cdnoticias.com\/racing-gano-goleo-una-vez-mas-y-es-unico-escolta\/\"><strong>Racing<\/strong> (Mat\u00edas Ordozgoiti, Nicol\u00e1s Daffara, Pablo Mujica, Santiago Izaguirre y Thomas Kolman) <strong>5 \u2013 1 Espigas<\/strong> (Iv\u00e1n Gim\u00e9nez)<\/a><\/p>\n<p><strong>Sierra Chica<\/strong> (Emanuel De Cort\u00e1zar) <strong>1 \u2013 0 Embajadores<\/strong><\/p>\n<p><strong>Municipales<\/strong> (Franco Vel\u00e1zquez) <strong>1 \u2013 2 Ferro<\/strong> (Ram\u00f3n S\u00e1nchez y Yoel Gonz\u00e1lez)<\/p>\n<p><strong>Loma Negra 0 \u2013 0 Estudiantes<\/strong><\/p>\n<p><img data-recalc-dims=\"1\" loading=\"lazy\" decoding=\"async\" class=\"aligncenter size-full wp-image-51067\" src=\"https:\/\/i0.wp.com\/cdnoticias.com\/wp-content\/uploads\/2024\/05\/Posiciones-Decima-Fecha-TUDR-Primera.png?resize=787%2C569&#038;ssl=1\" alt=\"\" width=\"787\" height=\"569\" \/><\/p>\n<p>\u00a0<\/p>\n<h6>Reserva<\/h6>\n<p>Colonias y Cerros <strong>4 \u2013 1<\/strong> San Mart\u00edn<\/p>\n<p>El Fort\u00edn<strong> 0 \u2013 1<\/strong> Hinojo<\/p>\n<p>Racing<strong> 4 \u2013 0<\/strong> Espigas<\/p>\n<p>Sierra Chica <strong>1 \u2013 0<\/strong> Embajadores<\/p>\n<p>Municipales <strong>0 \u2013 4<\/strong> Ferro<\/p>\n<p>Loma Negra<strong> 0 \u2013 3<\/strong> Estudiantes<\/p>\n<p><img data-recalc-dims=\"1\" loading=\"lazy\" decoding=\"async\" class=\"aligncenter size-full wp-image-51066\" src=\"https:\/\/i0.wp.com\/cdnoticias.com\/wp-content\/uploads\/2024\/05\/Posiciones-Decima-Fecha-TUDR-Reserva.png?resize=786%2C567&#038;ssl=1\" alt=\"\" width=\"786\" height=\"567\" \/><\/p>\n<hr \/>\n<p><img data-recalc-dims=\"1\" loading=\"lazy\" decoding=\"async\" class=\"aligncenter size-full wp-image-51058\" src=\"https:\/\/i0.wp.com\/cdnoticias.com\/wp-content\/uploads\/2024\/05\/TUDR-Fecha-11.png?resize=373%2C296&#038;ssl=1\" alt=\"\" width=\"373\" height=\"296\" \/><\/p>\n<\/div>\n","protected":false},"excerpt":{"rendered":"<p>Con mayor\u00eda de festejos locales, este domingo por la tarde se jug\u00f3 la pen\u00faltima fecha de la etapa local del<\/p>\n","protected":false},"author":96739694,"featured_media":161102,"comment_status":"closed","ping_status":"closed","sticky":false,"template":"","format":"standard","meta":{"_jetpack_memberships_contains_paid_content":false,"footnotes":""},"categories":[35,1,41],"tags":[],"class_list":["post-136731","post","type-post","status-publish","format-standard","has-post-thumbnail","hentry","category-futbol","category-portada","category-primera-y-reserva"],"jetpack_featured_media_url":"https:\/\/i0.wp.com\/cdnoticias.com\/wp-content\/uploads\/2024\/05\/fortin-1.jpg?fit=1280%2C853&ssl=1","jetpack_sharing_enabled":true,"_links":{"self":[{"href":"https:\/\/cdnoticias.com\/index.php\/wp-json\/wp\/v2\/posts\/136731","targetHints":{"allow":["GET"]}}],"collection":[{"href":"https:\/\/cdnoticias.com\/index.php\/wp-json\/wp\/v2\/posts"}],"about":[{"href":"https:\/\/cdnoticias.com\/index.php\/wp-json\/wp\/v2\/types\/post"}],"author":[{"embeddable":true,"href":"https:\/\/cdnoticias.com\/index.php\/wp-json\/wp\/v2\/users\/96739694"}],"replies":[{"embeddable":true,"href":"https:\/\/cdnoticias.com\/index.php\/wp-json\/wp\/v2\/comments?post=136731"}],"version-history":[{"count":0,"href":"https:\/\/cdnoticias.com\/index.php\/wp-json\/wp\/v2\/posts\/136731\/revisions"}],"wp:featuredmedia":[{"embeddable":true,"href":"https:\/\/cdnoticias.com\/index.php\/wp-json\/wp\/v2\/media\/161102"}],"wp:attachment":[{"href":"https:\/\/cdnoticias.com\/index.php\/wp-json\/wp\/v2\/media?parent=136731"}],"wp:term":[{"taxonomy":"category","embeddable":true,"href":"https:\/\/cdnoticias.com\/index.php\/wp-json\/wp\/v2\/categories?post=136731"},{"taxonomy":"post_tag","embeddable":true,"href":"https:\/\/cdnoticias.com\/index.php\/wp-json\/wp\/v2\/tags?post=136731"}],"curies":[{"name":"wp","href":"https:\/\/api.w.org\/{rel}","templated":true}]}}