{"id":136730,"date":"2024-05-12T22:01:05","date_gmt":"2024-05-13T01:01:05","guid":{"rendered":"https:\/\/centraldeportes.com.ar\/?p=51053"},"modified":"2025-02-13T17:24:15","modified_gmt":"2025-02-13T20:24:15","slug":"racing-gano-goleo-una-vez-mas-y-es-unico-escolta","status":"publish","type":"post","link":"https:\/\/cdnoticias.com\/index.php\/2024\/05\/12\/racing-gano-goleo-una-vez-mas-y-es-unico-escolta\/","title":{"rendered":"Racing gan\u00f3, gole\u00f3 una vez m\u00e1s y es \u00fanico escolta"},"content":{"rendered":"<p>Por la 10\u00b0 fecha del Torneo Uni\u00f3n Deportiva Regional, el \u201cChaira\u201d derrot\u00f3 5 a 1 a Espigas en el Buglione Martinese y sum\u00f3 su s\u00e9ptimo festejo al hilo. Por otro lado, y a pesar de la derrota, el \u201cVerdirrojo\u201d todav\u00eda depende de s\u00ed mismo y mantiene la chance de clasificaci\u00f3n.<!--more--><\/p>\n<hr \/>\n<p>Este domingo por la tarde, en el c\u00e9sped del Jos\u00e9 Buglione Martinese,<strong> Racing<\/strong> recibi\u00f3 a <strong>Espigas<\/strong> por la pen\u00faltima fecha del <strong>Torneo Uni\u00f3n Deportiva Regional (Fase Olavarr\u00eda)<\/strong> y, con resultado abultado de por medio, se qued\u00f3 con los tres puntos y, tras el empate de Estudiantes, escal\u00f3 al segundo lugar de la tabla.<\/p>\n<p>&nbsp;<\/p>\n<p>Con goles de<strong> Mat\u00edas Ordozgoiti<\/strong> en el primer tiempo, m\u00e1s una r\u00e1faga de <strong>Nicol\u00e1s Daffara, Pablo Mujica de penal, Santiago Izaguirre y Thomas Kolman<\/strong> en la parte complementaria,<strong> el \u201cChaira\u201d se impuso 5 a 1 ante el \u201cVerdirrojo\u201d<\/strong> que, a pesar de la ca\u00edda, llegar\u00e1 a la \u00faltima fecha con chances de clasificaci\u00f3n. <strong>Iv\u00e1n Gim\u00e9nez<\/strong> marc\u00f3 el descuento transitorio para los de Vel\u00e1zquez (3 \u2013 1).<\/p>\n<p>&nbsp;<\/p>\n<p>L<strong>os de Garc\u00eda Lorenzo, con este triunfo, hilvanaron su s\u00e9ptimo festejo al hilo y todos con goleada incluida<\/strong>. Adem\u00e1s, una buena y mala por lado: en Racing, <strong>Gonzalo Izaguirre<\/strong> regres\u00f3 tras la lesi\u00f3n y sum\u00f3 minutos; en Espigas: <strong>Iv\u00e1n Leal<\/strong> debi\u00f3 salir en el entretiempo por una severa lesi\u00f3n en el hombro.<\/p>\n<p>&nbsp;<\/p>\n<ul>\n<li>\n<h6><strong>El partido<\/strong><\/h6>\n<\/li>\n<\/ul>\n<p>&nbsp;<\/p>\n<p>Apenas un par de aproximaciones locales antes del cuarto de hora resumieron el tr\u00e1mite del encuentro en la primera mitad. Espigas se plant\u00f3 en su terreno y le deleg\u00f3 la pelota a Racing, que busc\u00f3 en ese lapso con Daffara y Mujica, pero ambas intervenciones fueron bien defendidas por Ibalo.<\/p>\n<p>&nbsp;<\/p>\n<p><strong>Sin llev\u00e1rselo por delante, el \u201cChaira\u201d estuvo mejor y reci\u00e9n a los 38\u2019 encontr\u00f3 la primera emoci\u00f3n de la tarde. Quedaron las dudas si el arquero \u201cVerdirrojo\u201d sac\u00f3 de adentro o no el disparo de Mat\u00edas Ordozgoiti. S\u00ed lo fue para Daniel Scheffer, Asistente N\u00b0 1, quien mejor posicionado advirti\u00f3 enseguida la ocasi\u00f3n manifiesta.<\/strong><\/p>\n<p>&nbsp;<\/p>\n<p>[soliloquy id=&#8221;51039&#8243;]<\/p>\n<p>&nbsp;<\/p>\n<p>Jes\u00fas Pal, en la visita, tuvo la chance del empate previo al descanso, pero sac\u00f3 un remate demasiado elevado que se perdi\u00f3 por encima del horizontal.<\/p>\n<p>&nbsp;<\/p>\n<p>Distinta fue la parte complementaria. Casi en seguidilla llegaron m\u00e1s goles, pero hubo que esperar porque no pasaba nada. <strong>A los 64\u2019, Vitale de desprendi\u00f3 por la banda izquierda y entreg\u00f3 para Nicol\u00e1s Daffara que, con todo el tiempo del mundo, la clav\u00f3 al medio para el 2 \u2013 0 de \u201cLa Estrellita\u201d<\/strong>.<\/p>\n<p>&nbsp;<\/p>\n<p><strong>El tercero lleg\u00f3 de penal. Ibalo derrib\u00f3 a Vitale en el \u00e1rea chica y Bessia decret\u00f3 la pena m\u00e1xima que el goleador del campeonato, Pablo Mujica, intercambi\u00f3 por gol.<\/strong><\/p>\n<p>&nbsp;<\/p>\n<p>Sin embargo, el \u201cChaira\u201d no pudo festejar demasiado porque en la r\u00e9plica arrib\u00f3 el descuento para Espigas. I<strong>v\u00e1n Gim\u00e9nez, atento en la presi\u00f3n, se la rob\u00f3 a Gonzalo Izaguirre, corri\u00f3 con espacio y venci\u00f3 la valla de Vivas en el mano a mano para el descuento a los 71\u2019.<\/strong><\/p>\n<p>&nbsp;<\/p>\n<p>Pa\u00f1os fr\u00edos le puso Racing posterior al grito esp\u00edguense y liquid\u00f3 las acciones en el Buglione. <strong>Primero con una contra letal que traslad\u00f3 Daffara y termin\u00f3 Santiago Izaguirre a los 75\u2019 para el cuarto y luego, Thomas Kolman \u2013 ingresado pocos minutos atr\u00e1s \u2013 convirti\u00f3 el quinto grito de la tarde tras una carambola a favor a los 89&#8242;.<\/strong><\/p>\n<p>&nbsp;<\/p>\n<p>En definitiva, con este festejo, los dirigidos por Garc\u00eda Lorenzo llegar\u00e1n a la \u00faltima fecha con esperanzas de quedarse con el 1 (deber\u00e1n ganar y esperar una derrota de Ferro). Espigas, por otro lado, a\u00fan con la derrota sigue en puestos de clasificaci\u00f3n y depende de s\u00ed mismo, pero deber\u00e1 ganarle a Colonias y Cerros.<\/p>\n<p>&nbsp;<\/p>\n<p><strong>S\u00edntesis Racing \u2013 Espigas: \u00a0<\/strong><\/p>\n<p><span style=\"color: #333333;\"><strong>Racing (5):<\/strong> Rodrigo Vivas; Maximiliano Chevrot (F. Tucker), Alan P\u00e9rez (G. Izaguirre), Ayrton Palmieri, Leonardo Vitale; Santiago Izaguirre (T. Kolman), Manuel Scacheri; Pablo Mujica, Nicol\u00e1s Daffara, Mat\u00edas Ordozgoiti (F. Kolman); Rom\u00e1n Garabento (A. Cataldi). DT: David Garc\u00eda Lorenzo.<\/span><\/p>\n<p><span style=\"color: #333333;\"><strong>Espigas (1): <\/strong><\/span>Pedro Ibalo; Mateo Ferreyra, Juan Jos\u00e9 Dotti, Manuel Soraiz, Nicol\u00e1s Pereira (L. Dufau); Iv\u00e1n Gim\u00e9nez, Lautaro Barrionuevo, Jes\u00fas Pal (F. Arrieta); Bruno Pal (L. Barrutia); Iv\u00e1n Leal (A. Ben\u00edtez) y Marcos Heinrich (A. Giunta). DT: Mat\u00edas Vel\u00e1zquez.<\/p>\n<p><strong>Goles<\/strong>: 38m. PT Mat\u00edas Ordozgoiti (R); 19m. ST Nicol\u00e1s Daffara (R), 24m. ST Pablo Mujica \u2013 p \u2013 (R); 26m. ST Iv\u00e1n Gim\u00e9nez (E); 30m. ST Santiago Izaguirre (R) y 44m. ST Thomas Kolman (R).<\/p>\n<p><strong>Amonestados<\/strong>: Mujica (Racing); Ferreyra (Espigas).<\/p>\n<p><strong>Expulsados<\/strong>: No hubo.<\/p>\n<p><strong>\u00c1rbitro<\/strong>: Lautaro Bessia. <strong>Estadio<\/strong>: Jos\u00e9 Buglione Martinese.<\/p>\n<p><strong>Reserva:<\/strong> Racing <strong>4 \u2013 0<\/strong> Espigas.<\/p>\n","protected":false},"excerpt":{"rendered":"<p>Por la 10\u00b0 fecha del Torneo Uni\u00f3n Deportiva Regional, el \u201cChaira\u201d derrot\u00f3 5 a 1 a Espigas en el Buglione<\/p>\n","protected":false},"author":96739694,"featured_media":161104,"comment_status":"closed","ping_status":"closed","sticky":false,"template":"","format":"standard","meta":{"_jetpack_memberships_contains_paid_content":false,"footnotes":""},"categories":[35,1,41],"tags":[],"class_list":["post-136730","post","type-post","status-publish","format-standard","has-post-thumbnail","hentry","category-futbol","category-portada","category-primera-y-reserva"],"jetpack_featured_media_url":"https:\/\/i0.wp.com\/cdnoticias.com\/wp-content\/uploads\/2024\/05\/rac-8.jpg?fit=1280%2C853&ssl=1","jetpack_sharing_enabled":true,"_links":{"self":[{"href":"https:\/\/cdnoticias.com\/index.php\/wp-json\/wp\/v2\/posts\/136730","targetHints":{"allow":["GET"]}}],"collection":[{"href":"https:\/\/cdnoticias.com\/index.php\/wp-json\/wp\/v2\/posts"}],"about":[{"href":"https:\/\/cdnoticias.com\/index.php\/wp-json\/wp\/v2\/types\/post"}],"author":[{"embeddable":true,"href":"https:\/\/cdnoticias.com\/index.php\/wp-json\/wp\/v2\/users\/96739694"}],"replies":[{"embeddable":true,"href":"https:\/\/cdnoticias.com\/index.php\/wp-json\/wp\/v2\/comments?post=136730"}],"version-history":[{"count":0,"href":"https:\/\/cdnoticias.com\/index.php\/wp-json\/wp\/v2\/posts\/136730\/revisions"}],"wp:featuredmedia":[{"embeddable":true,"href":"https:\/\/cdnoticias.com\/index.php\/wp-json\/wp\/v2\/media\/161104"}],"wp:attachment":[{"href":"https:\/\/cdnoticias.com\/index.php\/wp-json\/wp\/v2\/media?parent=136730"}],"wp:term":[{"taxonomy":"category","embeddable":true,"href":"https:\/\/cdnoticias.com\/index.php\/wp-json\/wp\/v2\/categories?post=136730"},{"taxonomy":"post_tag","embeddable":true,"href":"https:\/\/cdnoticias.com\/index.php\/wp-json\/wp\/v2\/tags?post=136730"}],"curies":[{"name":"wp","href":"https:\/\/api.w.org\/{rel}","templated":true}]}}