{"id":136719,"date":"2024-05-11T12:28:32","date_gmt":"2024-05-11T15:28:32","guid":{"rendered":"https:\/\/centraldeportes.com.ar\/?p=50929"},"modified":"2025-02-13T17:18:24","modified_gmt":"2025-02-13T20:18:24","slug":"semana-cargada-de-novedades-para-los-olavarrienses-en-el-federal-a","status":"publish","type":"post","link":"https:\/\/cdnoticias.com\/index.php\/2024\/05\/11\/semana-cargada-de-novedades-para-los-olavarrienses-en-el-federal-a\/","title":{"rendered":"Semana cargada de novedades para los olavarrienses en el Federal A"},"content":{"rendered":"<p>La 7\u00b0 fecha del campeonato tuvo triple presencia local, pero ninguno festej\u00f3. Serantes y Gonz\u00e1lez ya comenzaron a trabajar en Santamarina. Adem\u00e1s, \u201cLolo\u201d Istilliarte se sum\u00f3 al cuerpo t\u00e9cnico de Boca Unidos.<!--more--><\/p>\n<hr \/>\n<p>Con escasa participaci\u00f3n de representantes olavarrienses, el <strong>Torneo Federal A<\/strong> disput\u00f3 el pasado fin de semana la <strong>7\u00b0 cita<\/strong> de la temporada y, de los presentes, ninguno pudo sumar de a tres.<\/p>\n<p>&nbsp;<\/p>\n\n<p>&nbsp;<\/p>\n<p><strong>C\u00edrculo Deportivo<\/strong>, que comenz\u00f3 abajo en el marcador, rescat\u00f3 un valioso empate 1 a 1 frente a Sansinena en General Cerri. <strong>Diego San Juli\u00e1n<\/strong> fue titular en el \u201cPapero\u201d, pero debi\u00f3 abandonar el campo a los 36\u2019 del primer tiempo por una molestia muscular. Adem\u00e1s, con el punto obtenido, el conjunto de Nicanor Otamendi se ubica segundo en la Zona A.<\/p>\n<p>&nbsp;<\/p>\n<p>Y es cuatro puntos por debajo del puntero, Germinal de Rawson, que logr\u00f3 un hist\u00f3rico triunfo ante el<strong> Olimpo<\/strong> de <strong>Agust\u00edn Osinaga<\/strong> y <strong>Nadir Hadad<\/strong> en el Roberto Carminatti. Fue 1 a 0 el festejo para el equipo sure\u00f1o. A su vez, el defensor olavarriense fue titular en el \u201cAurinegro\u201d y disput\u00f3 todo el partido, mientras que el \u201cTurco\u201d fue suplente y no tuvo acci\u00f3n.<\/p>\n<p>&nbsp;<\/p>\n\n<p>&nbsp;<\/p>\n<p>Por la Zona B, <strong>Alfredo Troncoso<\/strong> se perdi\u00f3 la cita ante Hurac\u00e1n Las Heras de Mendoza en lo que fue derrota 2 a 1 para <strong>Ciudad de Bol\u00edvar<\/strong>, la primera del torneo. A la par, el duelo entre <strong>Camioneros<\/strong> y Estudiantes de San Luis fue postergado, por lo que <strong>\u201cMaxi\u201d Ferreira<\/strong> no tuvo actividad.<\/p>\n<p>&nbsp;<\/p>\n<ul>\n<li><strong>El \u201cSanta\u201d, con cuerpo t\u00e9cnico olavarriense<\/strong><\/li>\n<\/ul>\n<p>El lunes pasado, Duilio Botella inici\u00f3 su cuarto ciclo como DT de Santamarina de Tandil y fue presentado ante el plantel junto con sus ayudantes, <strong>Nicol\u00e1s Serantes (ayudante de campo) y Mat\u00edas Gonz\u00e1lez (preparador f\u00edsico)<\/strong>, ambos oriundos de nuestra ciudad. Debutar\u00e1n este s\u00e1bado frente a C\u00edrculo Deportivo.<\/p>\n<p>&nbsp;<\/p>\n<ul>\n<li><strong>\u201cLolo\u201d al \u201cAurirrojo\u201d<\/strong><\/li>\n<\/ul>\n<p>Boca Unidos de Corrientes comunic\u00f3 el \u00faltimo mi\u00e9rcoles la llegada del t\u00e9cnico bolivarense, Juan Alfons\u00edn, que se har\u00e1 cargo del equipo a partir de la venidera fecha. A la par, el olavarriense <strong>Rub\u00e9n \u201cLolo\u201d Istilliarte<\/strong>, quien ven\u00eda de cumplir labores en Juventud Unida, lo acompa\u00f1ar\u00e1 como ayudante de campo.<\/p>\n<p>&nbsp;<\/p>\n\n<p>&nbsp;<\/p>\n<p><em><strong>Foto: Prensa Santamarina.<\/strong><\/em><\/p>\n","protected":false},"excerpt":{"rendered":"<p>La 7\u00b0 fecha del campeonato tuvo triple presencia local, pero ninguno festej\u00f3. Serantes y Gonz\u00e1lez ya comenzaron a trabajar en<\/p>\n","protected":false},"author":96739694,"featured_media":161010,"comment_status":"closed","ping_status":"closed","sticky":false,"template":"","format":"standard","meta":{"_jetpack_memberships_contains_paid_content":false,"footnotes":""},"categories":[37,1],"tags":[],"class_list":["post-136719","post","type-post","status-publish","format-standard","has-post-thumbnail","hentry","category-futbol-profesional","category-portada"],"jetpack_featured_media_url":"https:\/\/i0.wp.com\/cdnoticias.com\/wp-content\/uploads\/2024\/05\/Serantes-y-Gonzalez-en-Santamarina-1-e1715441513800.jpeg?fit=750%2C478&ssl=1","jetpack_sharing_enabled":true,"_links":{"self":[{"href":"https:\/\/cdnoticias.com\/index.php\/wp-json\/wp\/v2\/posts\/136719","targetHints":{"allow":["GET"]}}],"collection":[{"href":"https:\/\/cdnoticias.com\/index.php\/wp-json\/wp\/v2\/posts"}],"about":[{"href":"https:\/\/cdnoticias.com\/index.php\/wp-json\/wp\/v2\/types\/post"}],"author":[{"embeddable":true,"href":"https:\/\/cdnoticias.com\/index.php\/wp-json\/wp\/v2\/users\/96739694"}],"replies":[{"embeddable":true,"href":"https:\/\/cdnoticias.com\/index.php\/wp-json\/wp\/v2\/comments?post=136719"}],"version-history":[{"count":0,"href":"https:\/\/cdnoticias.com\/index.php\/wp-json\/wp\/v2\/posts\/136719\/revisions"}],"wp:featuredmedia":[{"embeddable":true,"href":"https:\/\/cdnoticias.com\/index.php\/wp-json\/wp\/v2\/media\/161010"}],"wp:attachment":[{"href":"https:\/\/cdnoticias.com\/index.php\/wp-json\/wp\/v2\/media?parent=136719"}],"wp:term":[{"taxonomy":"category","embeddable":true,"href":"https:\/\/cdnoticias.com\/index.php\/wp-json\/wp\/v2\/categories?post=136719"},{"taxonomy":"post_tag","embeddable":true,"href":"https:\/\/cdnoticias.com\/index.php\/wp-json\/wp\/v2\/tags?post=136719"}],"curies":[{"name":"wp","href":"https:\/\/api.w.org\/{rel}","templated":true}]}}