{"id":136712,"date":"2024-05-10T14:46:19","date_gmt":"2024-05-10T17:46:19","guid":{"rendered":"https:\/\/centraldeportes.com.ar\/?p=50878"},"modified":"2025-02-13T17:18:33","modified_gmt":"2025-02-13T20:18:33","slug":"agustin-vernice-debuto-en-la-copa-del-mundo-e-ira-por-una-medalla","status":"publish","type":"post","link":"https:\/\/cdnoticias.com\/index.php\/2024\/05\/10\/agustin-vernice-debuto-en-la-copa-del-mundo-e-ira-por-una-medalla\/","title":{"rendered":"Agust\u00edn Vernice debut\u00f3 en la Copa del Mundo e ir\u00e1 por una medalla"},"content":{"rendered":"<p>El palista olavarriense tuvo su estreno en la ma\u00f1ana de este viernes en la Copa del Mundo de Hungr\u00eda y fue con la clasificaci\u00f3n a la Final del K1 500.<!--more--><\/p>\n<hr \/>\n<p>Agust\u00edn Vernice logr\u00f3 ganar una tremenda carrera en lo que fue la semifinal 1 de la Copa del Mundo de Hungr\u00eda en K1 500M y clasific\u00f3 directamente a la final A donde ir\u00e1 por una medalla.<\/p>\n<p>&nbsp;<\/p>\n<p>Un tramo impecable para el olavarriense sobre el final de la carrera hizo que se quede con el primer puesto con un tiempo de 1:40.22 donde se adelant\u00f3 por sobre el canadiense Sim\u00f3n Mctavish (+0.21) y sobre el alem\u00e1n Oleg Gusev (+0.40).<\/p>\n<p>&nbsp;<\/p>\n<p>Cronograma de competencias para Agust\u00edn Vernice en la Copa del Mundo de Hungr\u00eda:<\/p>\n<p>S\u00e1bado 11\/5:<br \/>\nK1 1000 M:<br \/>\nHEAT I: 17:32 hora de Hungr\u00eda \u2013 12:32 hora de Argentina<br \/>\nK1 500 M:<br \/>\nFinal C: 13:00 hora de Hungr\u00eda \u2013 8:00 hora de Argentina<br \/>\nFinal B: 13:30 hora de Hungr\u00eda \u2013 8:30 hora de Argentina<br \/>\nFinal A: 14:27 hora de Hungr\u00eda \u2013 9:27 hora de Argentina<\/p>\n<p>Domingo 12\/5:<br \/>\nK1 1000 M:<br \/>\nSemifinales: desde 9:02 hora de Hungr\u00eda \u2013 4:02 hora de Argentina<br \/>\nFinal A: desde 11:42 hora de Hungr\u00eda \u2013 6:42 hora de Argentina<\/p>\n","protected":false},"excerpt":{"rendered":"<p>El palista olavarriense tuvo su estreno en la ma\u00f1ana de este viernes en la Copa del Mundo de Hungr\u00eda y<\/p>\n","protected":false},"author":96739694,"featured_media":161029,"comment_status":"closed","ping_status":"closed","sticky":false,"template":"","format":"standard","meta":{"_jetpack_memberships_contains_paid_content":false,"footnotes":""},"categories":[30,1],"tags":[],"class_list":["post-136712","post","type-post","status-publish","format-standard","has-post-thumbnail","hentry","category-polideportivo","category-portada"],"jetpack_featured_media_url":"https:\/\/i0.wp.com\/cdnoticias.com\/wp-content\/uploads\/2024\/05\/438098472_974234131373945_841270634037221485_n-e1715363164303.jpg?fit=1440%2C720&ssl=1","jetpack_sharing_enabled":true,"_links":{"self":[{"href":"https:\/\/cdnoticias.com\/index.php\/wp-json\/wp\/v2\/posts\/136712","targetHints":{"allow":["GET"]}}],"collection":[{"href":"https:\/\/cdnoticias.com\/index.php\/wp-json\/wp\/v2\/posts"}],"about":[{"href":"https:\/\/cdnoticias.com\/index.php\/wp-json\/wp\/v2\/types\/post"}],"author":[{"embeddable":true,"href":"https:\/\/cdnoticias.com\/index.php\/wp-json\/wp\/v2\/users\/96739694"}],"replies":[{"embeddable":true,"href":"https:\/\/cdnoticias.com\/index.php\/wp-json\/wp\/v2\/comments?post=136712"}],"version-history":[{"count":0,"href":"https:\/\/cdnoticias.com\/index.php\/wp-json\/wp\/v2\/posts\/136712\/revisions"}],"wp:featuredmedia":[{"embeddable":true,"href":"https:\/\/cdnoticias.com\/index.php\/wp-json\/wp\/v2\/media\/161029"}],"wp:attachment":[{"href":"https:\/\/cdnoticias.com\/index.php\/wp-json\/wp\/v2\/media?parent=136712"}],"wp:term":[{"taxonomy":"category","embeddable":true,"href":"https:\/\/cdnoticias.com\/index.php\/wp-json\/wp\/v2\/categories?post=136712"},{"taxonomy":"post_tag","embeddable":true,"href":"https:\/\/cdnoticias.com\/index.php\/wp-json\/wp\/v2\/tags?post=136712"}],"curies":[{"name":"wp","href":"https:\/\/api.w.org\/{rel}","templated":true}]}}