{"id":136704,"date":"2024-05-08T19:10:42","date_gmt":"2024-05-08T22:10:42","guid":{"rendered":"https:\/\/centraldeportes.com.ar\/?p=50835"},"modified":"2025-02-13T17:15:32","modified_gmt":"2025-02-13T20:15:32","slug":"en-la-bota-se-corrio-el-premio-homenaje-ricardo-jurado","status":"publish","type":"post","link":"https:\/\/cdnoticias.com\/index.php\/2024\/05\/08\/en-la-bota-se-corrio-el-premio-homenaje-ricardo-jurado\/","title":{"rendered":"En La Bota, se corri\u00f3 el \u201cPremio Homenaje Ricardo Jurado\u201d"},"content":{"rendered":"<p>El pasado domingo hubo ciclismo regional del bueno en el circuito del Club Estudiantes con la disputa del \u201cPremio Homenaje Ricardo Jurado\u201d organizado por la agrupaci\u00f3n Ciclismo Olavarriense Libre.<!--more--><\/p>\n<hr \/>\n<p>En el escenario Dante y Torcuato Emiliozzi hubo una importante cantidad de ciclistas de la Ciudad y la Zona que participaron de la competencia homenaje que se llev\u00f3 a cabo a pesar de las malas condiciones clim\u00e1ticas con las que inici\u00f3 la jornada del domingo.<\/p>\n<p>&nbsp;<\/p>\n<p>Los resultados:<\/p>\n<p>Mayores de 40:<br \/>\n1\u00b0 Juan Avenda\u00f1o<br \/>\n2\u00b0 Esteban Ibarluc\u00eda<br \/>\n3\u00b0 Leandro Dastugue<\/p>\n<p>Menores de 40:<br \/>\n1\u00b0 Lucas Jaime<br \/>\n2\u00b0 Adri\u00e1n Castro<br \/>\n3\u00b0 Hugo Trumpio<\/p>\n<p>Juveniles<br \/>\n1\u00b0 Lucas Jaime<br \/>\n2\u00b0 Adri\u00e1n Castro<br \/>\n3\u00b0 Isa\u00edas Silva<\/p>\n<p>M\u00e1ster D y E:<br \/>\n1\u00b0 Juan D\u00b4Amico<br \/>\n2\u00b0 Miguel D\u00edaz<br \/>\n3\u00b0 Carlos Tolosa<\/p>\n<p>M\u00e1ster E:<br \/>\n1\u00b0 Juan D\u00b4Amico<br \/>\n2\u00b0 Miguel Machi<br \/>\n3\u00b0 Juan Haedo<\/p>\n<p>Damas:<br \/>\n1\u00b0 Lucrecia Hern\u00e1ndez<br \/>\n2\u00b0 Selva Pagano<br \/>\n3\u00b0 Tania Ponce de Le\u00f3n<br \/>\n4\u00b0 Abril Azimonti<br \/>\n5\u00b0 Mar\u00eda Barrag\u00e1n<\/p>\n<p>Damas +45:<br \/>\n1\u00b0 Mariana Becaglia<br \/>\n2\u00b0 Mar\u00eda Barrag\u00e1n<br \/>\n3\u00b0 Patricia Tarquino<\/p>\n<p>Damas Juveniles:<br \/>\n1\u00b0 Abril Azimonti<br \/>\n2\u00b0 Juana Mande\u00f1e<br \/>\n3\u00b0 Candela Olalde<\/p>\n<p>M\u00e1ster C:<br \/>\n1\u00b0 Alberto Iraldi<br \/>\n2\u00b0 Rafael Erripa<br \/>\n3\u00b0 Eduardo Leguizam\u00f3n<\/p>\n<p>M\u00e1ster B:<br \/>\n1\u00b0 Jos\u00e9 Aguirre<br \/>\n2\u00b0 Sergio Acosta<br \/>\n3\u00b0 Sergio Ag<\/p>\n<p>\u00c9lite, Sub23, M\u00e1ster A, \u00c9lite II, Juniors:<br \/>\n1\u00b0 C\u00e9sar Ferrero<br \/>\n2\u00b0 Norman Maineri<br \/>\n3\u00b0 Jorge Sosa<br \/>\n4\u00b0 Maximiliano Praiz<br \/>\n5\u00b0 Juan Bonzon<\/p>\n<p>Juniors:<br \/>\n1\u00b0 Bautista Sequeira<br \/>\n2\u00b0 L\u00e1zaro Leoz<br \/>\n3\u00b0 Joaqu\u00edn Peralta<\/p>\n<p>&nbsp;<\/p>\n","protected":false},"excerpt":{"rendered":"<p>El pasado domingo hubo ciclismo regional del bueno en el circuito del Club Estudiantes con la disputa del \u201cPremio Homenaje<\/p>\n","protected":false},"author":96739694,"featured_media":160924,"comment_status":"closed","ping_status":"closed","sticky":false,"template":"","format":"standard","meta":{"_jetpack_memberships_contains_paid_content":false,"footnotes":""},"categories":[30,1],"tags":[],"class_list":["post-136704","post","type-post","status-publish","format-standard","has-post-thumbnail","hentry","category-polideportivo","category-portada"],"jetpack_featured_media_url":"https:\/\/i0.wp.com\/cdnoticias.com\/wp-content\/uploads\/2024\/05\/COL1-e1715206230928.jpg?fit=1280%2C712&ssl=1","jetpack_sharing_enabled":true,"_links":{"self":[{"href":"https:\/\/cdnoticias.com\/index.php\/wp-json\/wp\/v2\/posts\/136704","targetHints":{"allow":["GET"]}}],"collection":[{"href":"https:\/\/cdnoticias.com\/index.php\/wp-json\/wp\/v2\/posts"}],"about":[{"href":"https:\/\/cdnoticias.com\/index.php\/wp-json\/wp\/v2\/types\/post"}],"author":[{"embeddable":true,"href":"https:\/\/cdnoticias.com\/index.php\/wp-json\/wp\/v2\/users\/96739694"}],"replies":[{"embeddable":true,"href":"https:\/\/cdnoticias.com\/index.php\/wp-json\/wp\/v2\/comments?post=136704"}],"version-history":[{"count":0,"href":"https:\/\/cdnoticias.com\/index.php\/wp-json\/wp\/v2\/posts\/136704\/revisions"}],"wp:featuredmedia":[{"embeddable":true,"href":"https:\/\/cdnoticias.com\/index.php\/wp-json\/wp\/v2\/media\/160924"}],"wp:attachment":[{"href":"https:\/\/cdnoticias.com\/index.php\/wp-json\/wp\/v2\/media?parent=136704"}],"wp:term":[{"taxonomy":"category","embeddable":true,"href":"https:\/\/cdnoticias.com\/index.php\/wp-json\/wp\/v2\/categories?post=136704"},{"taxonomy":"post_tag","embeddable":true,"href":"https:\/\/cdnoticias.com\/index.php\/wp-json\/wp\/v2\/tags?post=136704"}],"curies":[{"name":"wp","href":"https:\/\/api.w.org\/{rel}","templated":true}]}}