{"id":136701,"date":"2024-05-07T18:55:20","date_gmt":"2024-05-07T21:55:20","guid":{"rendered":"https:\/\/centraldeportes.com.ar\/?p=50795"},"modified":"2025-02-13T17:15:37","modified_gmt":"2025-02-13T20:15:37","slug":"juegos-bonaerenses-arranca-la-etapa-municipal-para-personas-adultas","status":"publish","type":"post","link":"https:\/\/cdnoticias.com\/index.php\/2024\/05\/07\/juegos-bonaerenses-arranca-la-etapa-municipal-para-personas-adultas\/","title":{"rendered":"Juegos Bonaerenses: arranca la etapa municipal para personas adultas"},"content":{"rendered":"\n<div class=\"wp-block-group is-layout-constrained wp-block-group-is-layout-constrained\">\n<p>Se acab\u00f3 la espera para dar comienzo a una nueva edici\u00f3n de los Juegos Bonaerenses ya que la venidera semana arrancar\u00e1n las competencias de la etapa local.<!--more--><\/p>\n<hr \/>\n<p>La semana pr\u00f3xima comenzar\u00e1 la etapa local de los <strong>Juegos Bonaerenses 2024<\/strong>, la primera instancia del camino clasificatorio a la final provincial, a disputarse en Mar del Plata durante el mes de octubre.<\/p>\n<p>\u00a0<\/p>\n<ul>\n<li>\n<h6><strong>Calendario de competencia<\/strong><\/h6>\n<\/li>\n<\/ul>\n<p>\u00a0<\/p>\n<p><em><strong>Martes 14 de mayo<\/strong><\/em><\/p>\n<p>Tejo femenino Categor\u00edas A y B; Tejo masculino Categor\u00edas A y B<\/p>\n<p>9.30 horas, en el Tiro Federal, avenida Pellegrini al 2700<\/p>\n<p>\u00a0<\/p>\n<p><em><strong>Mi\u00e9rcoles 15 de mayo<\/strong><\/em><\/p>\n<p>Tejo mixto<\/p>\n<p>9:30 horas, en el Tiro Federal, avenida Pellegrini al 2700<\/p>\n<p>\u00a0<\/p>\n<p><em><strong>Jueves 16 de mayo<\/strong><\/em><\/p>\n<p>Pesca<\/p>\n<p>9 horas, Casa del Deporte, avenida Del Valle 3549. Reuni\u00f3n Informativa.<\/p>\n<p>Orientaci\u00f3n<\/p>\n<p>14:30 horas, en el monumento al General Don Jos\u00e9 de San Mart\u00edn, Almirante Brown y V\u00e9lez Sarsfield. Reuni\u00f3n Informativa y capacitaci\u00f3n.<\/p>\n<p>\u00a0<\/p>\n<p><em><strong>Lunes 20 de mayo<\/strong><\/em><\/p>\n<p>Caminata<\/p>\n<p>14 horas, Pista de Atletismo, Parque Avellaneda.<\/p>\n<p>\u00a0<\/p>\n<p><em><strong>Martes 21 de mayo<\/strong><\/em><\/p>\n<p>Pesca<\/p>\n<p>10:30 horas, complejo \u201cEl Laguito\u201d.<\/p>\n<p>\u00a0<\/p>\n<p><em><strong>Mi\u00e9rcoles 22 de mayo<\/strong><\/em><\/p>\n<p>Orientaci\u00f3n<\/p>\n<p>10 horas, Pista de Atletismo, Parque Avellaneda.<\/p>\n<p>Taba<\/p>\n<p>13.30 horas, en Sociedad de Fomento Mariano Moreno.<\/p>\n<p>\u00a0<\/p>\n<p>De manera paralela, se recuerda que <strong>aquella personas que a\u00fan no se inscribieron tienen tiempo hasta el pr\u00f3ximo lunes 13<\/strong> de poder realizar el tr\u00e1mite, que se lleve a cabo a trav\u00e9s de la plataforma virtual. No obstante, <strong>desde la Subsecretar\u00eda de Deportes se brinda asesoramiento para quienes tengan inquietudes, por lo que se las invita a acercarse a las oficinas ubicadas en la Casa del Deporte, en avenida Del Valle 3549<\/strong>.<\/p>\n<p>\u00a0<\/p>\n<p><strong>Personas adultas deber\u00e1n hacerlo de lunes a viernes de 8:30 a 12 horas<\/strong>, mientras que quienes quieran participar en las disciplinas deportivas para categor\u00edas <strong>Juveniles, Personas Con Discapacidad y Personas Trasplantadas, podr\u00e1n acercarse de lunes a viernes en el horario de 9 a 12 horas, o martes y jueves de 15 a 17 horas<\/strong>.<\/p>\n<\/div>\n","protected":false},"excerpt":{"rendered":"<p>Se acab\u00f3 la espera para dar comienzo a una nueva edici\u00f3n de los Juegos Bonaerenses ya que la venidera semana<\/p>\n","protected":false},"author":96739694,"featured_media":148063,"comment_status":"closed","ping_status":"closed","sticky":false,"template":"","format":"standard","meta":{"_jetpack_memberships_contains_paid_content":false,"footnotes":""},"categories":[30,1],"tags":[],"class_list":["post-136701","post","type-post","status-publish","format-standard","has-post-thumbnail","hentry","category-polideportivo","category-portada"],"jetpack_featured_media_url":"https:\/\/i0.wp.com\/cdnoticias.com\/wp-content\/uploads\/2022\/05\/Deportes-Tejo-Bonaerenses-1-e1715118912348.jpg?fit=1772%2C874&ssl=1","jetpack_sharing_enabled":true,"_links":{"self":[{"href":"https:\/\/cdnoticias.com\/index.php\/wp-json\/wp\/v2\/posts\/136701","targetHints":{"allow":["GET"]}}],"collection":[{"href":"https:\/\/cdnoticias.com\/index.php\/wp-json\/wp\/v2\/posts"}],"about":[{"href":"https:\/\/cdnoticias.com\/index.php\/wp-json\/wp\/v2\/types\/post"}],"author":[{"embeddable":true,"href":"https:\/\/cdnoticias.com\/index.php\/wp-json\/wp\/v2\/users\/96739694"}],"replies":[{"embeddable":true,"href":"https:\/\/cdnoticias.com\/index.php\/wp-json\/wp\/v2\/comments?post=136701"}],"version-history":[{"count":0,"href":"https:\/\/cdnoticias.com\/index.php\/wp-json\/wp\/v2\/posts\/136701\/revisions"}],"wp:featuredmedia":[{"embeddable":true,"href":"https:\/\/cdnoticias.com\/index.php\/wp-json\/wp\/v2\/media\/148063"}],"wp:attachment":[{"href":"https:\/\/cdnoticias.com\/index.php\/wp-json\/wp\/v2\/media?parent=136701"}],"wp:term":[{"taxonomy":"category","embeddable":true,"href":"https:\/\/cdnoticias.com\/index.php\/wp-json\/wp\/v2\/categories?post=136701"},{"taxonomy":"post_tag","embeddable":true,"href":"https:\/\/cdnoticias.com\/index.php\/wp-json\/wp\/v2\/tags?post=136701"}],"curies":[{"name":"wp","href":"https:\/\/api.w.org\/{rel}","templated":true}]}}