{"id":136700,"date":"2024-05-07T18:43:56","date_gmt":"2024-05-07T21:43:56","guid":{"rendered":"https:\/\/centraldeportes.com.ar\/?p=50791"},"modified":"2025-02-13T17:15:39","modified_gmt":"2025-02-13T20:15:39","slug":"primera-nacional-la-14-fecha-fue-sin-derrotas-para-los-olavarrienses","status":"publish","type":"post","link":"https:\/\/cdnoticias.com\/index.php\/2024\/05\/07\/primera-nacional-la-14-fecha-fue-sin-derrotas-para-los-olavarrienses\/","title":{"rendered":"Primera Nacional: la 14\u00b0 fecha fue sin derrotas para los olavarrienses"},"content":{"rendered":"<p>Una vez m\u00e1s, los cuatro futbolistas de nuestra ciudad estuvieron presentes en otra jornada de la categor\u00eda de ascenso. Hubo festejos para Guille, Pietrobono y Battigelli.<!--more--><\/p>\n<hr \/>\n<p>Este martes, la <strong>Primera Nacional<\/strong> finaliz\u00f3 la <strong>14\u00b0 fecha del campeonato<\/strong> y fue nuevamente con la presencia de los cuatro representantes olavarrienses, pero solo tres sumaron minutos con sus equipos.<\/p>\n<p>&nbsp;<\/p>\n<p>En el c\u00e9sped del Estanislao L\u00f3pez, <strong>Col\u00f3n gole\u00f3 3 a 0 a Almagro<\/strong> y ratific\u00f3 su liderazgo en soledad en la Zona A. <strong>Braian Guille fue titular y part\u00edcipe fundamental para el festejo \u201cSabalero\u201d ya que asisti\u00f3 a Javier Toledo en la apertura del marcador<\/strong>. M\u00e1s tarde, sali\u00f3 reemplazado por Cristian Bernardi a los 30\u2019 del segundo tiempo.<\/p>\n<p>&nbsp;<\/p>\n<p>Otro de los que festej\u00f3 fue <strong>Ignacio Pietrobono<\/strong>, titular bajo los tres palos de <strong>Defensores de Belgrano<\/strong>. En Isidro Casanova, el \u201cDrag\u00f3n\u201d consigui\u00f3 una sufrida victoria 2 a 0 ante Almirante Brown y se mantiene al vilo en la tercera colocaci\u00f3n del grupo que lidera el elenco santafesino.<\/p>\n<p>&nbsp;<\/p>\n\n<p>&nbsp;<\/p>\n<p>El \u201cTrueno Verde\u201d impact\u00f3 m\u00e1s que nunca y tambi\u00e9n sum\u00f3 de a tres. Con <strong>Carlos Battigelli<\/strong> iniciando las acciones en el banco de suplentes, <strong>San Miguel<\/strong> le gan\u00f3 1 a 0 a G\u00fcemes de Santiago del Estero y se recuper\u00f3 de la derrota en la fecha pasada. Posteriormente, el volante central salt\u00f3 al campo a los 79\u2019 y jug\u00f3 un par de minutos en lugar de Thiago Cravero.<\/p>\n<p>&nbsp;<\/p>\n<p>Por su parte, en tierras santiague\u00f1as, <strong>Mitre<\/strong> reparti\u00f3 puntos con Deportivo Mor\u00f3n tras igualar 0 a 0 y cort\u00f3 la racha de tres derrotas seguidas. <strong>Facundo Wiechniak<\/strong> integr\u00f3 la n\u00f3mina de suplentes en el \u201cAurinegro\u201d, pero no tuvo participaci\u00f3n en el campo de juego.<\/p>\n<p>&nbsp;<\/p>\n<p>En la pr\u00f3xima fecha habr\u00e1 duelo entre olavarrienses, Defensores de Belgrano recibir\u00e1 en el Juan Pasquale al puntero, Col\u00f3n. A su vez, San Miguel viajar\u00e1 al norte para su compromiso contra Gimnasia y Esgrima de Jujuy, mientras que Mitre ser\u00e1 visitante de Temperley.<\/p>\n<p>&nbsp;<\/p>\n<p><em><strong>Foto: Col\u00f3n Oficial.<\/strong><\/em><\/p>\n","protected":false},"excerpt":{"rendered":"<p>Una vez m\u00e1s, los cuatro futbolistas de nuestra ciudad estuvieron presentes en otra jornada de la categor\u00eda de ascenso. Hubo<\/p>\n","protected":false},"author":96739694,"featured_media":160933,"comment_status":"closed","ping_status":"closed","sticky":false,"template":"","format":"standard","meta":{"_jetpack_memberships_contains_paid_content":false,"footnotes":""},"categories":[37,1],"tags":[],"class_list":["post-136700","post","type-post","status-publish","format-standard","has-post-thumbnail","hentry","category-futbol-profesional","category-portada"],"jetpack_featured_media_url":"https:\/\/i0.wp.com\/cdnoticias.com\/wp-content\/uploads\/2024\/05\/Guille-Colon-Primera-Nacional-fecha-14-e1715118139520.jpg?fit=800%2C503&ssl=1","jetpack_sharing_enabled":true,"_links":{"self":[{"href":"https:\/\/cdnoticias.com\/index.php\/wp-json\/wp\/v2\/posts\/136700","targetHints":{"allow":["GET"]}}],"collection":[{"href":"https:\/\/cdnoticias.com\/index.php\/wp-json\/wp\/v2\/posts"}],"about":[{"href":"https:\/\/cdnoticias.com\/index.php\/wp-json\/wp\/v2\/types\/post"}],"author":[{"embeddable":true,"href":"https:\/\/cdnoticias.com\/index.php\/wp-json\/wp\/v2\/users\/96739694"}],"replies":[{"embeddable":true,"href":"https:\/\/cdnoticias.com\/index.php\/wp-json\/wp\/v2\/comments?post=136700"}],"version-history":[{"count":0,"href":"https:\/\/cdnoticias.com\/index.php\/wp-json\/wp\/v2\/posts\/136700\/revisions"}],"wp:featuredmedia":[{"embeddable":true,"href":"https:\/\/cdnoticias.com\/index.php\/wp-json\/wp\/v2\/media\/160933"}],"wp:attachment":[{"href":"https:\/\/cdnoticias.com\/index.php\/wp-json\/wp\/v2\/media?parent=136700"}],"wp:term":[{"taxonomy":"category","embeddable":true,"href":"https:\/\/cdnoticias.com\/index.php\/wp-json\/wp\/v2\/categories?post=136700"},{"taxonomy":"post_tag","embeddable":true,"href":"https:\/\/cdnoticias.com\/index.php\/wp-json\/wp\/v2\/tags?post=136700"}],"curies":[{"name":"wp","href":"https:\/\/api.w.org\/{rel}","templated":true}]}}