{"id":136698,"date":"2024-05-07T15:59:17","date_gmt":"2024-05-07T18:59:17","guid":{"rendered":"https:\/\/centraldeportes.com.ar\/?p=50785"},"modified":"2025-02-13T17:15:42","modified_gmt":"2025-02-13T20:15:42","slug":"acop-se-jugo-la-segunda-ronda-de-oro-del-circuito","status":"publish","type":"post","link":"https:\/\/cdnoticias.com\/index.php\/2024\/05\/07\/acop-se-jugo-la-segunda-ronda-de-oro-del-circuito\/","title":{"rendered":"ACOP: se jug\u00f3 la segunda ronda de oro del circuito"},"content":{"rendered":"<p>En el transcurso del fin de semana se llev\u00f3 a cabo una fecha del calendario oficial de la Asociaci\u00f3n Civil Olavarriense de P\u00e1del y en esta oportunidad hubo acci\u00f3n para las categor\u00edas Impares que disputaron la segunda fecha de oro. Participaron 80 parejas.<!--more--><\/p>\n<hr \/>\n<p>El fin de semana se desarroll\u00f3 la cuarta fecha del calendario anual de la Asociaci\u00f3n Civil de P\u00e1del Olavarriense. En esta oportunidad se trat\u00f3 de la segunda ronda de oro, que reparti\u00f3 un 50% m\u00e1s de puntos en las cinco divisiones de las categor\u00edas Impares.<\/p>\n<p>&nbsp;<\/p>\n<p>La competencia se llev\u00f3 a cabo en los complejos Sport Arena, Las Terrazzas, Club de Amigos y P\u00e1del Time con 80 parejas participando.<\/p>\n<p>&nbsp;<\/p>\n<p>En tercera Caballeros se consagr\u00f3 la pareja integrada por \u00c1lvaro Mendiberry y Ezequiel Block, quienes en la definici\u00f3n en Sport Arena derrotaron a Gast\u00f3n Ressia y Javier L\u00f3pez por 6\/3 y 6\/3.<\/p>\n<p>&nbsp;<\/p>\n<p>Lautaro Digiacomo y Juan Ignacio Veneciano festejaron en Quinta Caballeros tras imponerse en tres sets a Mat\u00edas Esteves y Santiago Sarra. El resultado final fue 6\/3, 3\/6 y 6\/3 y en Damas festej\u00f3 la dupla conformada por F\u00e1tima Catal\u00e1 y Jazm\u00edn Dos Santos. Las campeonas derrotaron a Michelle Anzuino y Karina Ponce por 6\/3 y 6\/0.<\/p>\n<p>En S\u00e9ptima Caballeros el t\u00edtulo qued\u00f3 en poder de Luciano Di Mateo y Yamil Al\u00ed, quienes en la final vencieron a Nicol\u00e1s Larios y Samuel Romero por 2\/6, 6\/4 y 6\/2.<\/p>\n<p>&nbsp;<\/p>\n<p>Por \u00faltimo en S\u00e9ptima B Caballeros grit\u00f3 campe\u00f3n la pareja integrada por Marcos Rodr\u00edguez y Nahuel Bravo, quienes se alzaron con el trofeo tras vencer en tres sets a Cristian Delapena y Sebasti\u00e1n Baressi. El score final fue 6\/4, 2\/6 y 6\/3<\/p>\n","protected":false},"excerpt":{"rendered":"<p>En el transcurso del fin de semana se llev\u00f3 a cabo una fecha del calendario oficial de la Asociaci\u00f3n Civil<\/p>\n","protected":false},"author":96739694,"featured_media":160938,"comment_status":"closed","ping_status":"closed","sticky":false,"template":"","format":"standard","meta":{"_jetpack_memberships_contains_paid_content":false,"footnotes":""},"categories":[1,55],"tags":[],"class_list":["post-136698","post","type-post","status-publish","format-standard","has-post-thumbnail","hentry","category-portada","category-tenis-padel"],"jetpack_featured_media_url":"https:\/\/i0.wp.com\/cdnoticias.com\/wp-content\/uploads\/2024\/05\/IMG-20240506-WA0053-e1715108350365.jpg?fit=900%2C530&ssl=1","jetpack_sharing_enabled":true,"_links":{"self":[{"href":"https:\/\/cdnoticias.com\/index.php\/wp-json\/wp\/v2\/posts\/136698","targetHints":{"allow":["GET"]}}],"collection":[{"href":"https:\/\/cdnoticias.com\/index.php\/wp-json\/wp\/v2\/posts"}],"about":[{"href":"https:\/\/cdnoticias.com\/index.php\/wp-json\/wp\/v2\/types\/post"}],"author":[{"embeddable":true,"href":"https:\/\/cdnoticias.com\/index.php\/wp-json\/wp\/v2\/users\/96739694"}],"replies":[{"embeddable":true,"href":"https:\/\/cdnoticias.com\/index.php\/wp-json\/wp\/v2\/comments?post=136698"}],"version-history":[{"count":0,"href":"https:\/\/cdnoticias.com\/index.php\/wp-json\/wp\/v2\/posts\/136698\/revisions"}],"wp:featuredmedia":[{"embeddable":true,"href":"https:\/\/cdnoticias.com\/index.php\/wp-json\/wp\/v2\/media\/160938"}],"wp:attachment":[{"href":"https:\/\/cdnoticias.com\/index.php\/wp-json\/wp\/v2\/media?parent=136698"}],"wp:term":[{"taxonomy":"category","embeddable":true,"href":"https:\/\/cdnoticias.com\/index.php\/wp-json\/wp\/v2\/categories?post=136698"},{"taxonomy":"post_tag","embeddable":true,"href":"https:\/\/cdnoticias.com\/index.php\/wp-json\/wp\/v2\/tags?post=136698"}],"curies":[{"name":"wp","href":"https:\/\/api.w.org\/{rel}","templated":true}]}}