{"id":136692,"date":"2024-05-06T16:16:11","date_gmt":"2024-05-06T19:16:11","guid":{"rendered":"https:\/\/centraldeportes.com.ar\/?p=50747"},"modified":"2025-02-13T17:15:52","modified_gmt":"2025-02-13T20:15:52","slug":"paloma-routaboul-entrena-nuevamente-con-la-seleccion-argentina","status":"publish","type":"post","link":"https:\/\/cdnoticias.com\/index.php\/2024\/05\/06\/paloma-routaboul-entrena-nuevamente-con-la-seleccion-argentina\/","title":{"rendered":"Paloma Routaboul entrena nuevamente con la Selecci\u00f3n Argentina"},"content":{"rendered":"<p>Culminado el gran subcampeonato de la Liga Argentina que consigui\u00f3 Paloma Routaboul con Estudiantes de La Plata, la deportista olavarriense fue convocada para entrenar con la Selecci\u00f3n Argentina.<!--more--><\/p>\n<hr \/>\n<p>Paloma Routaboul fue nuevamente seleccionada para entrenar con la categor\u00eda U21 de la &#8220;albiceleste&#8221; que lleva a cargo los entrenamientos en el Centro Nacional de Alto Rendimiento Deportivo.<\/p>\n<p>&nbsp;<\/p>\n<p>El equipo nacional se prepara de cara al Sudamericano de Chile que probablemente sea en septiembre de este a\u00f1o.<\/p>\n<p>Routaboul, con 17 a\u00f1os es una de las grandes promesas del v\u00f3ley nacional y el a\u00f1o pasado fue parte del equipo U19 argentino que disput\u00f3 el mundial de Croacia-Hungr\u00eda.<\/p>\n","protected":false},"excerpt":{"rendered":"<p>Culminado el gran subcampeonato de la Liga Argentina que consigui\u00f3 Paloma Routaboul con Estudiantes de La Plata, la deportista olavarriense<\/p>\n","protected":false},"author":96739694,"featured_media":160954,"comment_status":"closed","ping_status":"closed","sticky":false,"template":"","format":"standard","meta":{"_jetpack_memberships_contains_paid_content":false,"footnotes":""},"categories":[30,1],"tags":[],"class_list":["post-136692","post","type-post","status-publish","format-standard","has-post-thumbnail","hentry","category-polideportivo","category-portada"],"jetpack_featured_media_url":"https:\/\/i0.wp.com\/cdnoticias.com\/wp-content\/uploads\/2024\/05\/440322935_967609712036387_2605108983786591455_n-e1715022958739.jpg?fit=1440%2C868&ssl=1","jetpack_sharing_enabled":true,"_links":{"self":[{"href":"https:\/\/cdnoticias.com\/index.php\/wp-json\/wp\/v2\/posts\/136692","targetHints":{"allow":["GET"]}}],"collection":[{"href":"https:\/\/cdnoticias.com\/index.php\/wp-json\/wp\/v2\/posts"}],"about":[{"href":"https:\/\/cdnoticias.com\/index.php\/wp-json\/wp\/v2\/types\/post"}],"author":[{"embeddable":true,"href":"https:\/\/cdnoticias.com\/index.php\/wp-json\/wp\/v2\/users\/96739694"}],"replies":[{"embeddable":true,"href":"https:\/\/cdnoticias.com\/index.php\/wp-json\/wp\/v2\/comments?post=136692"}],"version-history":[{"count":0,"href":"https:\/\/cdnoticias.com\/index.php\/wp-json\/wp\/v2\/posts\/136692\/revisions"}],"wp:featuredmedia":[{"embeddable":true,"href":"https:\/\/cdnoticias.com\/index.php\/wp-json\/wp\/v2\/media\/160954"}],"wp:attachment":[{"href":"https:\/\/cdnoticias.com\/index.php\/wp-json\/wp\/v2\/media?parent=136692"}],"wp:term":[{"taxonomy":"category","embeddable":true,"href":"https:\/\/cdnoticias.com\/index.php\/wp-json\/wp\/v2\/categories?post=136692"},{"taxonomy":"post_tag","embeddable":true,"href":"https:\/\/cdnoticias.com\/index.php\/wp-json\/wp\/v2\/tags?post=136692"}],"curies":[{"name":"wp","href":"https:\/\/api.w.org\/{rel}","templated":true}]}}