{"id":136674,"date":"2024-05-04T00:13:58","date_gmt":"2024-05-04T03:13:58","guid":{"rendered":"https:\/\/centraldeportes.com.ar\/?p=50593"},"modified":"2025-02-13T17:14:37","modified_gmt":"2025-02-13T20:14:37","slug":"liga-federal-el-talar-e-independiente-volvieron-a-la-victoria","status":"publish","type":"post","link":"https:\/\/cdnoticias.com\/index.php\/2024\/05\/04\/liga-federal-el-talar-e-independiente-volvieron-a-la-victoria\/","title":{"rendered":"Liga Federal: El Talar e Independiente volvieron a la victoria"},"content":{"rendered":"<p>La Liga Federal tuvo acci\u00f3n en la noche del jueves y fue con doble festejo para los representantes locales que volvieron a la victoria.<!--more--><\/p>\n<hr \/>\n<p>Mateo Macrini en El Talar y Ariel Weisbeck en Independiente fueron protagonistas del regreso a la victoria de sus equipos en el cierre de la Etapa Regular de las diferentes regiones de la tercera categor\u00eda del b\u00e1squet nacional.<\/p>\n<p>&nbsp;<\/p>\n<p>Por la ante\u00faltima fecha de la Zona A de la Regi\u00f3n Metropolitana, El Talar venci\u00f3 a Ateneo Popular de Versalles por 75-51 y se recuper\u00f3 r\u00e1pido de la \u00fanica derrota sufrida hasta el momento.<\/p>\n<p>&nbsp;<\/p>\n<p>Mateo Macrini complet\u00f3 19:41 minutos en la cancha con 10 puntos, 7 rebotes, 2 asistencias, 3 recuperos y 2 tapas en el \u201caurinegro\u201d que cerrar\u00e1 le primera etapa del certamen el venidero lunes recibiendo a Tres de Febrero.<\/p>\n<p>&nbsp;<\/p>\n<p>Por otro lado, La zona 1 de la Divisi\u00f3n Sudeste en el certamen de la tercera divisi\u00f3n del b\u00e1squet nacional cerr\u00f3 este jueves por la noche la primera fase e Independiente super\u00f3 como local a Quilmes de Mar del Plata en el \u00faltimo encuentro de la primera fase por 86 a 81.<\/p>\n<p>&nbsp;<\/p>\n<p>En el Polideportivo Duggan Martignoni no le alcanz\u00f3 al \u201crojinegro\u201d para desempatar a favor ante los marplatenses y finaliz\u00f3 en el \u00faltimo puesto de la tabla de posiciones a pesar de los 15 puntos, 8 rebotes, 6 asistencias y 2 recuperos en 30:04 minutos de Ariel Weisbeck.<\/p>\n<p>&nbsp;<\/p>\n<p>El representante de Tandil jugar\u00e1 el Play-In del grupo frente a Atl\u00e9tico Villegas en desventaja de localia.<\/p>\n","protected":false},"excerpt":{"rendered":"<p>La Liga Federal tuvo acci\u00f3n en la noche del jueves y fue con doble festejo para los representantes locales que<\/p>\n","protected":false},"author":96739694,"featured_media":160883,"comment_status":"closed","ping_status":"closed","sticky":false,"template":"","format":"standard","meta":{"_jetpack_memberships_contains_paid_content":false,"footnotes":""},"categories":[31,1,57],"tags":[],"class_list":["post-136674","post","type-post","status-publish","format-standard","has-post-thumbnail","hentry","category-basquet","category-portada","category-torneo-federal"],"jetpack_featured_media_url":"https:\/\/i0.wp.com\/cdnoticias.com\/wp-content\/uploads\/2024\/05\/WhatsApp-Image-2024-05-03-at-14.13.09.jpeg?fit=1600%2C1069&ssl=1","jetpack_sharing_enabled":true,"_links":{"self":[{"href":"https:\/\/cdnoticias.com\/index.php\/wp-json\/wp\/v2\/posts\/136674","targetHints":{"allow":["GET"]}}],"collection":[{"href":"https:\/\/cdnoticias.com\/index.php\/wp-json\/wp\/v2\/posts"}],"about":[{"href":"https:\/\/cdnoticias.com\/index.php\/wp-json\/wp\/v2\/types\/post"}],"author":[{"embeddable":true,"href":"https:\/\/cdnoticias.com\/index.php\/wp-json\/wp\/v2\/users\/96739694"}],"replies":[{"embeddable":true,"href":"https:\/\/cdnoticias.com\/index.php\/wp-json\/wp\/v2\/comments?post=136674"}],"version-history":[{"count":0,"href":"https:\/\/cdnoticias.com\/index.php\/wp-json\/wp\/v2\/posts\/136674\/revisions"}],"wp:featuredmedia":[{"embeddable":true,"href":"https:\/\/cdnoticias.com\/index.php\/wp-json\/wp\/v2\/media\/160883"}],"wp:attachment":[{"href":"https:\/\/cdnoticias.com\/index.php\/wp-json\/wp\/v2\/media?parent=136674"}],"wp:term":[{"taxonomy":"category","embeddable":true,"href":"https:\/\/cdnoticias.com\/index.php\/wp-json\/wp\/v2\/categories?post=136674"},{"taxonomy":"post_tag","embeddable":true,"href":"https:\/\/cdnoticias.com\/index.php\/wp-json\/wp\/v2\/tags?post=136674"}],"curies":[{"name":"wp","href":"https:\/\/api.w.org\/{rel}","templated":true}]}}