{"id":136664,"date":"2024-05-03T19:08:13","date_gmt":"2024-05-03T22:08:13","guid":{"rendered":"https:\/\/centraldeportes.com.ar\/?p=50557"},"modified":"2025-02-13T17:14:48","modified_gmt":"2025-02-13T20:14:48","slug":"luz-kremer-logro-la-clasificacion-al-campeonato-nacional-absoluto","status":"publish","type":"post","link":"https:\/\/cdnoticias.com\/index.php\/2024\/05\/03\/luz-kremer-logro-la-clasificacion-al-campeonato-nacional-absoluto\/","title":{"rendered":"Luz Kremer logr\u00f3 la clasificaci\u00f3n al Campeonato Nacional Absoluto"},"content":{"rendered":"\n<div class=\"wp-block-group is-layout-constrained wp-block-group-is-layout-constrained\">\n<p>La patinadora del Club Boca Junior logr\u00f3 una destacada actuaci\u00f3n en C\u00f3rdoba y logr\u00f3 la clasificaci\u00f3n al Campeonato Nacional Absoluto.<!--more--><\/p>\n<hr \/>\n<p>Durante los \u00faltimos d\u00edas del mes de abril se llev\u00f3 a cabo la \u201cCopa Argentina Clausura\u201d en R\u00edo Segundo y<strong> Luz Kremer<\/strong> complet\u00f3 una destacada performance.<\/p>\n<p>\u00a0<\/p>\n<p>La representante de la entidad boquense dijo presente en el certamen que re\u00fane a las mejores patinadoras del pa\u00eds, en la categor\u00eda World Skate Senior disciplinas Figuras Obligatorias donde finaliz\u00f3 7\u00b0 entre 28 participantes.<\/p>\n<p>\u00a0<\/p>\n<p>La destacada actuaci\u00f3n de Kremer le vali\u00f3 la clasificaci\u00f3n al <strong>Campeonato Nacional Absoluto<\/strong> a realizarse en el mes de agosto.<\/p>\n<\/div>\n","protected":false},"excerpt":{"rendered":"<p>La patinadora del Club Boca Junior logr\u00f3 una destacada actuaci\u00f3n en C\u00f3rdoba y logr\u00f3 la clasificaci\u00f3n al Campeonato Nacional Absoluto.<\/p>\n","protected":false},"author":96739694,"featured_media":160895,"comment_status":"closed","ping_status":"closed","sticky":false,"template":"","format":"standard","meta":{"_jetpack_memberships_contains_paid_content":false,"footnotes":""},"categories":[30,1],"tags":[],"class_list":["post-136664","post","type-post","status-publish","format-standard","has-post-thumbnail","hentry","category-polideportivo","category-portada"],"jetpack_featured_media_url":"https:\/\/i0.wp.com\/cdnoticias.com\/wp-content\/uploads\/2024\/05\/Luz-Kremer-Patin-e1714774157207.jpeg?fit=561%2C334&ssl=1","jetpack_sharing_enabled":true,"_links":{"self":[{"href":"https:\/\/cdnoticias.com\/index.php\/wp-json\/wp\/v2\/posts\/136664","targetHints":{"allow":["GET"]}}],"collection":[{"href":"https:\/\/cdnoticias.com\/index.php\/wp-json\/wp\/v2\/posts"}],"about":[{"href":"https:\/\/cdnoticias.com\/index.php\/wp-json\/wp\/v2\/types\/post"}],"author":[{"embeddable":true,"href":"https:\/\/cdnoticias.com\/index.php\/wp-json\/wp\/v2\/users\/96739694"}],"replies":[{"embeddable":true,"href":"https:\/\/cdnoticias.com\/index.php\/wp-json\/wp\/v2\/comments?post=136664"}],"version-history":[{"count":0,"href":"https:\/\/cdnoticias.com\/index.php\/wp-json\/wp\/v2\/posts\/136664\/revisions"}],"wp:featuredmedia":[{"embeddable":true,"href":"https:\/\/cdnoticias.com\/index.php\/wp-json\/wp\/v2\/media\/160895"}],"wp:attachment":[{"href":"https:\/\/cdnoticias.com\/index.php\/wp-json\/wp\/v2\/media?parent=136664"}],"wp:term":[{"taxonomy":"category","embeddable":true,"href":"https:\/\/cdnoticias.com\/index.php\/wp-json\/wp\/v2\/categories?post=136664"},{"taxonomy":"post_tag","embeddable":true,"href":"https:\/\/cdnoticias.com\/index.php\/wp-json\/wp\/v2\/tags?post=136664"}],"curies":[{"name":"wp","href":"https:\/\/api.w.org\/{rel}","templated":true}]}}