{"id":136656,"date":"2024-05-01T23:36:01","date_gmt":"2024-05-02T02:36:01","guid":{"rendered":"https:\/\/centraldeportes.com.ar\/?p=50518"},"modified":"2025-02-13T17:15:05","modified_gmt":"2025-02-13T20:15:05","slug":"chingotto-y-galan-comenzaron-con-el-pie-derecho-en-sevilla","status":"publish","type":"post","link":"https:\/\/cdnoticias.com\/index.php\/2024\/05\/01\/chingotto-y-galan-comenzaron-con-el-pie-derecho-en-sevilla\/","title":{"rendered":"Chingotto y Gal\u00e1n comenzaron con el pie derecho en Sevilla"},"content":{"rendered":"<p>Tras coronarse d\u00edas atr\u00e1s en Bruselas, la \u201cChingal\u00e1n\u201d inicio este mi\u00e9rcoles un nuevo torneo y fue con un triunfo ante la dupla espa\u00f1ola Ruiz \u2013 Cardona.<!--more--><\/p>\n<hr \/>\n<p>De la capital belga a la regi\u00f3n de Andaluc\u00eda, precisamente en <strong>Sevilla<\/strong>, desembarc\u00f3 el circuito profesional de <strong>Premier Padel<\/strong> y este mi\u00e9rcoles, en el partido debut, <strong>Federico Chingotto<\/strong> y <strong>Alejandro Gal\u00e1n<\/strong> iniciaron su camino de la mejor manera.<\/p>\n<p>&nbsp;<\/p>\n<p>El mal clima demor\u00f3 la programaci\u00f3n, pero aun as\u00ed las primeras instancias pudieron sortearse. All\u00ed, el olavarriense y el madrile\u00f1o se enfrentaron a <strong>Javier Ruiz y Pablo Cardona<\/strong> en la pista central montada en el Estadio Ol\u00edmpico de Sevilla y festejaron en sets consecutivos.<\/p>\n<p>&nbsp;<\/p>\n<p>A pesar del intenso y agresivo juego ofensivo de la pareja rival, que se puso dos games arriba en el arranque, la \u201cChingal\u00e1n\u201d se recuper\u00f3 a tiempo y logr\u00f3 revertir las acciones con un rotundo<strong> 6 \u2013 3<\/strong>.<\/p>\n<p>&nbsp;<\/p>\n<p>El segundo cap\u00edtulo fue absolutamente todo para el \u201cS\u00faper Rat\u00f3n\u201d y compa\u00f1\u00eda, pero lo que pudo haber sido un 6 \u2013 0 a favor, termin\u00f3 siendo un<strong> 6 \u2013 2<\/strong> definitivo.<\/p>\n<p>&nbsp;<\/p>\n<p>De esta forma, <strong>Chingotto y Gal\u00e1n accedieron autom\u00e1ticamente a los octavos de final del P2 sevillano y, en tal instancia, enfrentar\u00e1n este jueves a Javier Barahona \u2013 Antonio Fern\u00e1ndez<\/strong> en el cuarto turno de la alfombra central.<\/p>\n<p>&nbsp;<\/p>\n<p><em><strong>Foto: Sevilla Premier Padel.<\/strong><\/em><\/p>\n","protected":false},"excerpt":{"rendered":"<p>Tras coronarse d\u00edas atr\u00e1s en Bruselas, la \u201cChingal\u00e1n\u201d inicio este mi\u00e9rcoles un nuevo torneo y fue con un triunfo ante<\/p>\n","protected":false},"author":96739694,"featured_media":160917,"comment_status":"closed","ping_status":"closed","sticky":false,"template":"","format":"standard","meta":{"_jetpack_memberships_contains_paid_content":false,"footnotes":""},"categories":[1,55],"tags":[],"class_list":["post-136656","post","type-post","status-publish","format-standard","has-post-thumbnail","hentry","category-portada","category-tenis-padel"],"jetpack_featured_media_url":"https:\/\/i0.wp.com\/cdnoticias.com\/wp-content\/uploads\/2024\/05\/Chingotto-Galan-P2-de-Sevilla-16avos-e1714617342632.jpg?fit=996%2C635&ssl=1","jetpack_sharing_enabled":true,"_links":{"self":[{"href":"https:\/\/cdnoticias.com\/index.php\/wp-json\/wp\/v2\/posts\/136656","targetHints":{"allow":["GET"]}}],"collection":[{"href":"https:\/\/cdnoticias.com\/index.php\/wp-json\/wp\/v2\/posts"}],"about":[{"href":"https:\/\/cdnoticias.com\/index.php\/wp-json\/wp\/v2\/types\/post"}],"author":[{"embeddable":true,"href":"https:\/\/cdnoticias.com\/index.php\/wp-json\/wp\/v2\/users\/96739694"}],"replies":[{"embeddable":true,"href":"https:\/\/cdnoticias.com\/index.php\/wp-json\/wp\/v2\/comments?post=136656"}],"version-history":[{"count":0,"href":"https:\/\/cdnoticias.com\/index.php\/wp-json\/wp\/v2\/posts\/136656\/revisions"}],"wp:featuredmedia":[{"embeddable":true,"href":"https:\/\/cdnoticias.com\/index.php\/wp-json\/wp\/v2\/media\/160917"}],"wp:attachment":[{"href":"https:\/\/cdnoticias.com\/index.php\/wp-json\/wp\/v2\/media?parent=136656"}],"wp:term":[{"taxonomy":"category","embeddable":true,"href":"https:\/\/cdnoticias.com\/index.php\/wp-json\/wp\/v2\/categories?post=136656"},{"taxonomy":"post_tag","embeddable":true,"href":"https:\/\/cdnoticias.com\/index.php\/wp-json\/wp\/v2\/tags?post=136656"}],"curies":[{"name":"wp","href":"https:\/\/api.w.org\/{rel}","templated":true}]}}