{"id":136655,"date":"2024-05-01T22:54:03","date_gmt":"2024-05-02T01:54:03","guid":{"rendered":"https:\/\/centraldeportes.com.ar\/?p=50486"},"modified":"2025-02-13T17:13:22","modified_gmt":"2025-02-13T20:13:22","slug":"con-cuatro-olavarrienses-y-gol-de-san-julian-paso-la-6-fecha-del-federal-a","status":"publish","type":"post","link":"https:\/\/cdnoticias.com\/index.php\/2024\/05\/01\/con-cuatro-olavarrienses-y-gol-de-san-julian-paso-la-6-fecha-del-federal-a\/","title":{"rendered":"Con cuatro olavarrienses y gol de San Juli\u00e1n, pas\u00f3 la 6\u00b0 fecha del Federal A"},"content":{"rendered":"<p>El representante de C\u00edrculo Deportivo marc\u00f3 su primer grito en la temporada. Osinaga fue titular en el cl\u00e1sico bahiense. En la Zona B, festejaron dos locales y Botella dej\u00f3 de ser el DT de Juventud Unida.<!--more--><\/p>\n<hr \/>\n<p>La <strong>6\u00b0 fecha del Torneo Federal A<\/strong>, que tuvo cu\u00e1druple convocatoria de futbolistas olavarrienses, se jug\u00f3 \u00edntegramente entre s\u00e1bado y domingo pasado y fue con gol incluido.<\/p>\n<p>&nbsp;<\/p>\n<p>En el Guillermo Trama de Nicanor Otamendi, <strong>C\u00edrculo Deportivo<\/strong> se lo dio vuelta a Deportivo Rinc\u00f3n y consigui\u00f3 su tercera victoria seguida en condici\u00f3n de local. <strong>Con aporte de Diego San Juli\u00e1n, el \u201cPapero\u201d venci\u00f3 3 a 2 al \u201cLe\u00f3n\u201d neuquino, que no tuvo entre sus filas a Nicol\u00e1s Di Bello<\/strong>.<\/p>\n<p>&nbsp;<\/p>\n<p><img data-recalc-dims=\"1\" loading=\"lazy\" decoding=\"async\" class=\"aligncenter size-full wp-image-50491\" src=\"https:\/\/i0.wp.com\/cdnoticias.com\/wp-content\/uploads\/2024\/05\/San-Julian-Circulo-Deportivo-Federal-A-Fecha-6.jpeg?resize=800%2C533&#038;ssl=1\" alt=\"\" width=\"800\" height=\"533\" \/><\/p>\n<p>&nbsp;<\/p>\n<p>El ex Ferro Carril Sud fue titular en el local y, a los 37\u2019 de la primera mitad, convirti\u00f3 el empate transitorio con un disparo que se desvi\u00f3 en Facundo Jofr\u00e9 e ingres\u00f3 con suspenso en el arco rival.<\/p>\n<p>&nbsp;<\/p>\n<p>A su vez, <strong>Olimpo<\/strong>, con <strong>Agust\u00edn Osinaga<\/strong> y sin Nadir Hadad, derrot\u00f3 3 a 1 a Villa Mitre y se qued\u00f3 con la nueva edici\u00f3n del cl\u00e1sico bahiense. El defensor form\u00f3 parte del once inicial \u201cAurinegro\u201d y disput\u00f3 todo el encuentro en el Estadio El Fort\u00edn. Adem\u00e1s, con esta victoria los de Llorens son escoltas de la Zona A con 13 puntos, uno por debajo del l\u00edder, Germinal de Rawson.<\/p>\n<p>&nbsp;<\/p>\n<div class=\"tiled-gallery type-rectangular tiled-gallery-unresized\" data-original-width=\"800\" data-carousel-extra='null' itemscope itemtype=\"http:\/\/schema.org\/ImageGallery\" > <div class=\"gallery-row\" style=\"width: 800px; height: 447px;\" data-original-width=\"800\" data-original-height=\"447\" > <div class=\"gallery-group images-1\" style=\"width: 800px; height: 447px;\" data-original-width=\"800\" data-original-height=\"447\" > <div class=\"tiled-gallery-item tiled-gallery-item-large\" itemprop=\"associatedMedia\" itemscope itemtype=\"http:\/\/schema.org\/ImageObject\"> <a href=\"https:\/\/i0.wp.com\/cdnoticias.com\/wp-content\/uploads\/2022\/03\/choque02.jpg?ssl=1\" border=\"0\" itemprop=\"url\"> <meta itemprop=\"width\" content=\"796\"> <meta itemprop=\"height\" content=\"443\"> <img decoding=\"async\" class=\"\" data-attachment-id=\"50489\" data-orig-file=\"https:\/\/cdnoticias.com\/wp-content\/uploads\/2022\/03\/choque02.jpg\" data-orig-size=\"800,445\" data-comments-opened=\"\" data-image-meta=\"{&quot;aperture&quot;:&quot;0&quot;,&quot;credit&quot;:&quot;&quot;,&quot;camera&quot;:&quot;&quot;,&quot;caption&quot;:&quot;&quot;,&quot;created_timestamp&quot;:&quot;0&quot;,&quot;copyright&quot;:&quot;&quot;,&quot;focal_length&quot;:&quot;0&quot;,&quot;iso&quot;:&quot;0&quot;,&quot;shutter_speed&quot;:&quot;0&quot;,&quot;title&quot;:&quot;&quot;,&quot;orientation&quot;:&quot;1&quot;}\" data-image-title=\"choque02\" data-image-description=\"\" data-medium-file=\"https:\/\/i0.wp.com\/cdnoticias.com\/wp-content\/uploads\/2022\/03\/choque02.jpg?fit=300%2C167&#038;ssl=1\" data-large-file=\"https:\/\/i0.wp.com\/cdnoticias.com\/wp-content\/uploads\/2022\/03\/choque02.jpg?fit=800%2C445&#038;ssl=1\" src=\"https:\/\/i0.wp.com\/cdnoticias.com\/wp-content\/uploads\/2022\/03\/choque02.jpg?w=796&#038;h=443&#038;ssl=1\" srcset=\"https:\/\/i0.wp.com\/cdnoticias.com\/wp-content\/uploads\/2022\/03\/choque02.jpg?w=800&amp;ssl=1 800w, https:\/\/i0.wp.com\/cdnoticias.com\/wp-content\/uploads\/2022\/03\/choque02.jpg?resize=300%2C167&amp;ssl=1 300w, https:\/\/i0.wp.com\/cdnoticias.com\/wp-content\/uploads\/2022\/03\/choque02.jpg?resize=768%2C427&amp;ssl=1 768w\" width=\"796\" height=\"443\" loading=\"lazy\" data-original-width=\"796\" data-original-height=\"443\" itemprop=\"http:\/\/schema.org\/image\" title=\"choque02\" alt=\"choque02\" style=\"width: 796px; height: 443px;\" \/> <\/a> <\/div> <\/div> <!-- close group --> <\/div> <!-- close row --> <\/div>\n<p>&nbsp;<\/p>\n<p>Por la Zona B, <strong>Camioneros<\/strong> volvi\u00f3 a ganar, esta vez ante Sportivo Atenas de R\u00edo Cuarto. Fue 2 a 0 en condici\u00f3n de local y con la participaci\u00f3n titular de <strong>Maximiliano Ferreira<\/strong>, quien ocup\u00f3 el puesto de lateral derecho.<\/p>\n<p>&nbsp;<\/p>\n\n<p>&nbsp;<\/p>\n<p>A la par, pero en el Estadio Municipal Eva Per\u00f3n, <strong>Ciudad de Bol\u00edvar<\/strong> gole\u00f3 3 a 0 a Ferro Carril Oeste de General Pico y contin\u00faa como \u00fanico l\u00edder e invicto del grupo. All\u00ed, <strong>Alfredo Troncoso<\/strong> integr\u00f3 la n\u00f3mina de suplentes en \u201cLas \u00c1guilas\u201d y tuvo sus minutos tras ingresar a los 28\u2019 del segundo tiempo.<\/p>\n<p>&nbsp;<\/p>\n<p>No obstante,<strong> la novedad de la jornada fue la renuncia de Duilio Botella al cargo de DT en Juventud Unida de San Luis<\/strong>, que tiene a los olavarrienses <strong>Nicol\u00e1s Serantes<\/strong> (AC), <strong>Mat\u00edas Gonz\u00e1lez<\/strong> (PF) y <strong>Rub\u00e9n Istilliarte<\/strong> como colaboradores dentro del cuerpo t\u00e9cnico.<\/p>\n<p>&nbsp;<\/p>\n<p>Seg\u00fan inform\u00f3 la Comisi\u00f3n Directiva en un comunicado oficial, Botella dej\u00f3 de ser el t\u00e9cnico \u201c<strong><em>por razones personales, para regresar a la ciudad de Tandil<\/em><\/strong>\u201d. Adem\u00e1s, indic\u00f3 que Walter Sanfilippo asumir\u00e1 la responsabilidad en los pr\u00f3ximos partidos.<\/p>\n<p>&nbsp;<\/p>\n<p><em><strong>Fotos C\u00edrculo Deportivo: Nano Cacace.<\/strong><\/em><\/p>\n","protected":false},"excerpt":{"rendered":"<p>El representante de C\u00edrculo Deportivo marc\u00f3 su primer grito en la temporada. Osinaga fue titular en el cl\u00e1sico bahiense. En<\/p>\n","protected":false},"author":96739694,"featured_media":160799,"comment_status":"closed","ping_status":"closed","sticky":false,"template":"","format":"standard","meta":{"_jetpack_memberships_contains_paid_content":false,"footnotes":""},"categories":[37,1],"tags":[],"class_list":["post-136655","post","type-post","status-publish","format-standard","has-post-thumbnail","hentry","category-futbol-profesional","category-portada"],"jetpack_featured_media_url":"https:\/\/i0.wp.com\/cdnoticias.com\/wp-content\/uploads\/2024\/05\/San-Julian-Circulo-Deportivo-Federal-A-Fecha-6a-e1714614547887.jpeg?fit=993%2C576&ssl=1","jetpack_sharing_enabled":true,"_links":{"self":[{"href":"https:\/\/cdnoticias.com\/index.php\/wp-json\/wp\/v2\/posts\/136655","targetHints":{"allow":["GET"]}}],"collection":[{"href":"https:\/\/cdnoticias.com\/index.php\/wp-json\/wp\/v2\/posts"}],"about":[{"href":"https:\/\/cdnoticias.com\/index.php\/wp-json\/wp\/v2\/types\/post"}],"author":[{"embeddable":true,"href":"https:\/\/cdnoticias.com\/index.php\/wp-json\/wp\/v2\/users\/96739694"}],"replies":[{"embeddable":true,"href":"https:\/\/cdnoticias.com\/index.php\/wp-json\/wp\/v2\/comments?post=136655"}],"version-history":[{"count":0,"href":"https:\/\/cdnoticias.com\/index.php\/wp-json\/wp\/v2\/posts\/136655\/revisions"}],"wp:featuredmedia":[{"embeddable":true,"href":"https:\/\/cdnoticias.com\/index.php\/wp-json\/wp\/v2\/media\/160799"}],"wp:attachment":[{"href":"https:\/\/cdnoticias.com\/index.php\/wp-json\/wp\/v2\/media?parent=136655"}],"wp:term":[{"taxonomy":"category","embeddable":true,"href":"https:\/\/cdnoticias.com\/index.php\/wp-json\/wp\/v2\/categories?post=136655"},{"taxonomy":"post_tag","embeddable":true,"href":"https:\/\/cdnoticias.com\/index.php\/wp-json\/wp\/v2\/tags?post=136655"}],"curies":[{"name":"wp","href":"https:\/\/api.w.org\/{rel}","templated":true}]}}