{"id":136654,"date":"2024-05-01T22:55:32","date_gmt":"2024-05-02T01:55:32","guid":{"rendered":"https:\/\/centraldeportes.com.ar\/?p=50477"},"modified":"2025-02-13T17:15:07","modified_gmt":"2025-02-13T20:15:07","slug":"se-enfrentaron-los-racing-y-festejo-el-chaira","status":"publish","type":"post","link":"https:\/\/cdnoticias.com\/index.php\/2024\/05\/01\/se-enfrentaron-los-racing-y-festejo-el-chaira\/","title":{"rendered":"Se enfrentaron los Racing y festej\u00f3 el \u201cChaira\u201d"},"content":{"rendered":"\n<div class=\"wp-block-group is-layout-constrained wp-block-group-is-layout-constrained\">\n<p>En la noche del mi\u00e9rcoles se complet\u00f3 la 3\u00b0 fecha del Torneo Apertura organizado por la Asociaci\u00f3n de B\u00e1squet de Olavarr\u00eda y fue con victoria de Racing de Olavarr\u00eda en el recinto lamatritense.<!--more--><\/p>\n<hr \/>\n<p><strong>El \u201cChaira\u201d derrot\u00f3 73-66 a Racing de La Madrid en el Willy Matos<\/strong> de la vecina localidad y se qued\u00f3 con el duelo de invictos que marc\u00f3 el cierre de la fecha del primer torneo del a\u00f1o.<\/p>\n<p>\u00a0<\/p>\n<p>En el equipo olavarriense se destac\u00f3 la actuaci\u00f3n de <strong>Mat\u00edas Santana con 23 puntos<\/strong> y en el combinado de La Madrid no fueron suficientes los <strong>20 puntos de Sim\u00f3n Nieto<\/strong>.<\/p>\n<p>\u00a0<\/p>\n<p>El Torneo Apertura tendr\u00e1 continuidad el venidero viernes cuando se complete \u00edntegramente la 4\u00b0 fecha con tres cotejos en la ciudad y el restante en el Duggan Martignoni de Tandil.<\/p>\n<hr \/>\n<p><img data-recalc-dims=\"1\" loading=\"lazy\" decoding=\"async\" class=\"aligncenter size-full wp-image-50513\" src=\"https:\/\/i0.wp.com\/cdnoticias.com\/wp-content\/uploads\/2024\/05\/Posiciones-Apertura-ABO-Fecha-3.jpg?resize=786%2C403&#038;ssl=1\" alt=\"\" width=\"786\" height=\"403\" \/><\/p>\n<hr \/>\n<p><strong>S\u00edntesis Racing (L) \u2013 Racing (O):<\/strong><\/p>\n<p>Estadio: Willy Matos.<\/p>\n<p>\u00c1rbitros: Rinc\u00f3n, J. y Sosa, J.<\/p>\n<p><strong>Racing (L) (66): Cincunegui (18), M\u00e1rquez (3), Montero (0), Nieto (20), Rodr\u00edguez (17) -FI- Iseppi (0), Castro (1), Peretti (0), L\u00f3pez (0). DT- Marcelo Haag.<\/strong><\/p>\n<p><strong>Racing (O) (73): Santana (23), Ruiz (6), D\u00b4Alessio (3), Yaben (15), Alonso (9) -FI- Laria (2), Dietzel (2), Larregina (0), Melo (13). DT- Mat\u00edas Orlando.<\/strong><\/p>\n<p>Parciales: 08-14; 30-42; 46-56 y 66-73<\/p>\n<\/div>\n","protected":false},"excerpt":{"rendered":"<p>En la noche del mi\u00e9rcoles se complet\u00f3 la 3\u00b0 fecha del Torneo Apertura organizado por la Asociaci\u00f3n de B\u00e1squet de<\/p>\n","protected":false},"author":96739694,"featured_media":160921,"comment_status":"closed","ping_status":"closed","sticky":false,"template":"","format":"standard","meta":{"_jetpack_memberships_contains_paid_content":false,"footnotes":""},"categories":[31,1,43],"tags":[],"class_list":["post-136654","post","type-post","status-publish","format-standard","has-post-thumbnail","hentry","category-basquet","category-portada","category-primera"],"jetpack_featured_media_url":"https:\/\/i0.wp.com\/cdnoticias.com\/wp-content\/uploads\/2024\/05\/WhatsApp-Image-2024-05-01-at-22.03.59-e1714614067679.jpeg?fit=1600%2C930&ssl=1","jetpack_sharing_enabled":true,"_links":{"self":[{"href":"https:\/\/cdnoticias.com\/index.php\/wp-json\/wp\/v2\/posts\/136654","targetHints":{"allow":["GET"]}}],"collection":[{"href":"https:\/\/cdnoticias.com\/index.php\/wp-json\/wp\/v2\/posts"}],"about":[{"href":"https:\/\/cdnoticias.com\/index.php\/wp-json\/wp\/v2\/types\/post"}],"author":[{"embeddable":true,"href":"https:\/\/cdnoticias.com\/index.php\/wp-json\/wp\/v2\/users\/96739694"}],"replies":[{"embeddable":true,"href":"https:\/\/cdnoticias.com\/index.php\/wp-json\/wp\/v2\/comments?post=136654"}],"version-history":[{"count":0,"href":"https:\/\/cdnoticias.com\/index.php\/wp-json\/wp\/v2\/posts\/136654\/revisions"}],"wp:featuredmedia":[{"embeddable":true,"href":"https:\/\/cdnoticias.com\/index.php\/wp-json\/wp\/v2\/media\/160921"}],"wp:attachment":[{"href":"https:\/\/cdnoticias.com\/index.php\/wp-json\/wp\/v2\/media?parent=136654"}],"wp:term":[{"taxonomy":"category","embeddable":true,"href":"https:\/\/cdnoticias.com\/index.php\/wp-json\/wp\/v2\/categories?post=136654"},{"taxonomy":"post_tag","embeddable":true,"href":"https:\/\/cdnoticias.com\/index.php\/wp-json\/wp\/v2\/tags?post=136654"}],"curies":[{"name":"wp","href":"https:\/\/api.w.org\/{rel}","templated":true}]}}