{"id":136647,"date":"2024-05-01T17:06:44","date_gmt":"2024-05-01T20:06:44","guid":{"rendered":"https:\/\/centraldeportes.com.ar\/?p=50450"},"modified":"2025-02-13T17:13:29","modified_gmt":"2025-02-13T20:13:29","slug":"los-fernandez-dominaron-en-la-35-edicion-de-la-vuelta-al-municipio","status":"publish","type":"post","link":"https:\/\/cdnoticias.com\/index.php\/2024\/05\/01\/los-fernandez-dominaron-en-la-35-edicion-de-la-vuelta-al-municipio\/","title":{"rendered":"Los Fern\u00e1ndez dominaron en la 35\u00b0 edici\u00f3n de la \u201cVuelta al Municipio\u201d"},"content":{"rendered":"\n<div class=\"wp-block-group is-layout-constrained wp-block-group-is-layout-constrained\">\n<p>El tradicional evento de pedestrismo se celebr\u00f3 este mi\u00e9rcoles por la ma\u00f1ana en la ciudad. Gustavo y Cecilia, nuevamente, fueron los mejores en la distancia principal. Alfredo Ardiles y Valentina Mart\u00edn, los m\u00e1s r\u00e1pidos en los 5K.<!--more--><\/p>\n<hr \/>\n<p>La fiesta del deporte olavarriense, que re\u00fane a varios atletas de la regi\u00f3n y fue <strong>declarada de inter\u00e9s provincial<\/strong> d\u00edas atr\u00e1s, se vivi\u00f3 una vez m\u00e1s durante la ma\u00f1ana de este mi\u00e9rcoles feriado por el D\u00eda del Trabajador.<\/p>\n<p>\u00a0<\/p>\n<p>En esta ocasi\u00f3n, la<strong> 35\u00b0 edici\u00f3n de \u201cLa Vuelta al Municipio\u201d<\/strong> no tuvo en su agenda la media marat\u00f3n, por lo que cont\u00f3 con dos pruebas competitivas y la prueba social de 3K.<\/p>\n<p>\u00a0<\/p>\n<p>[soliloquy id=&#8221;50488&#8243;]<\/p>\n<p>\u00a0<\/p>\n<p>Con la participaci\u00f3n de m\u00e1s de 1000 competidores, la carrera m\u00e1s importante de la ciudad organizada por el gobierno Municipal <strong>tuvo como punto de partida y llegada las afueras del Centro Cultural San Jos\u00e9<\/strong>.<\/p>\n<p>\u00a0<\/p>\n<p>Y el ganador, una vez m\u00e1s, fue <strong>Gustavo Fern\u00e1ndez<\/strong> en Caballeros con un tiempo de 30:04. En Damas, lo emul\u00f3 <strong>Cecilia Fern\u00e1ndez<\/strong>, quien registr\u00f3 36:20 en el cron\u00f3metro.<\/p>\n<p>\u00a0<\/p>\n<p><strong>Alfredo Ardiles<\/strong> demor\u00f3 16:17 y fue el mejor en los 5K, al igual que la joven <strong>Valentina Mart\u00edn<\/strong>, quien finaliz\u00f3 el recorrido en 20:59.<\/p>\n<p>\u00a0<\/p>\n<p>[soliloquy id=&#8221;50407&#8243;]<\/p>\n<p>\u00a0<\/p>\n<ul>\n<li>\n<h6><strong>Los resultados:<\/strong><\/h6>\n<\/li>\n<\/ul>\n<p>\u00a0<\/p>\n<h6>10K<\/h6>\n<p><em><strong>Caballeros<\/strong><\/em><\/p>\n<p><strong>1\u00b0 Gustavo Fern\u00e1ndez con 30:04.<\/strong><\/p>\n<p>2\u00b0 Ezequiel Aguilera (Saladillo) con 30:22.<\/p>\n<p>3\u00b0 Mariano Barreiro (Balcarce) con 31:08.<\/p>\n<p>4\u00b0 Leonardo Landaburu<\/p>\n<p>5\u00b0 Manuel Aramburu.<\/p>\n<p>\u00a0<\/p>\n<p><em><strong>Damas<\/strong><\/em><\/p>\n<p><strong>1\u00b0 Cecilia Fern\u00e1ndez con 36:20.<\/strong><\/p>\n<p>2\u00b0 Noelia Romero (Tandil) con 40:36.<\/p>\n<p>3\u00b0 Celeste \u00c1valos (Saladillo) con 41:27.<\/p>\n<p>4\u00b0 Laura Trumpio.<\/p>\n<p>5\u00b0 Florencia Acosta.<\/p>\n<p>\u00a0<\/p>\n<h6>5K<\/h6>\n<p><em><strong>Caballeros<\/strong><\/em><\/p>\n<p>1\u00b0 Alfredo Ardiles con 16:17<\/p>\n<p>\u00a0<\/p>\n<p><em><strong>Damas<\/strong><\/em><\/p>\n<p>Valentina Mart\u00edn con 20:59.<\/p>\n<\/div>\n","protected":false},"excerpt":{"rendered":"<p>El tradicional evento de pedestrismo se celebr\u00f3 este mi\u00e9rcoles por la ma\u00f1ana en la ciudad. Gustavo y Cecilia, nuevamente, fueron<\/p>\n","protected":false},"author":96739694,"featured_media":160811,"comment_status":"closed","ping_status":"closed","sticky":false,"template":"","format":"standard","meta":{"_jetpack_memberships_contains_paid_content":false,"footnotes":""},"categories":[38,1],"tags":[],"class_list":["post-136647","post","type-post","status-publish","format-standard","has-post-thumbnail","hentry","category-pedestrismo","category-portada"],"jetpack_featured_media_url":"https:\/\/i0.wp.com\/cdnoticias.com\/wp-content\/uploads\/2024\/05\/vuelta-al-muni-46.jpg?fit=1280%2C853&ssl=1","jetpack_sharing_enabled":true,"_links":{"self":[{"href":"https:\/\/cdnoticias.com\/index.php\/wp-json\/wp\/v2\/posts\/136647","targetHints":{"allow":["GET"]}}],"collection":[{"href":"https:\/\/cdnoticias.com\/index.php\/wp-json\/wp\/v2\/posts"}],"about":[{"href":"https:\/\/cdnoticias.com\/index.php\/wp-json\/wp\/v2\/types\/post"}],"author":[{"embeddable":true,"href":"https:\/\/cdnoticias.com\/index.php\/wp-json\/wp\/v2\/users\/96739694"}],"replies":[{"embeddable":true,"href":"https:\/\/cdnoticias.com\/index.php\/wp-json\/wp\/v2\/comments?post=136647"}],"version-history":[{"count":0,"href":"https:\/\/cdnoticias.com\/index.php\/wp-json\/wp\/v2\/posts\/136647\/revisions"}],"wp:featuredmedia":[{"embeddable":true,"href":"https:\/\/cdnoticias.com\/index.php\/wp-json\/wp\/v2\/media\/160811"}],"wp:attachment":[{"href":"https:\/\/cdnoticias.com\/index.php\/wp-json\/wp\/v2\/media?parent=136647"}],"wp:term":[{"taxonomy":"category","embeddable":true,"href":"https:\/\/cdnoticias.com\/index.php\/wp-json\/wp\/v2\/categories?post=136647"},{"taxonomy":"post_tag","embeddable":true,"href":"https:\/\/cdnoticias.com\/index.php\/wp-json\/wp\/v2\/tags?post=136647"}],"curies":[{"name":"wp","href":"https:\/\/api.w.org\/{rel}","templated":true}]}}