{"id":136645,"date":"2024-04-30T22:55:06","date_gmt":"2024-05-01T01:55:06","guid":{"rendered":"https:\/\/centraldeportes.com.ar\/?p=50391"},"modified":"2025-02-13T17:13:34","modified_gmt":"2025-02-13T20:13:34","slug":"braian-guille-con-doblete-y-asistencia-fue-la-figura-de-la-fecha-13","status":"publish","type":"post","link":"https:\/\/cdnoticias.com\/index.php\/2024\/04\/30\/braian-guille-con-doblete-y-asistencia-fue-la-figura-de-la-fecha-13\/","title":{"rendered":"Braian Guille, con doblete y asistencia, fue la figura de la fecha 13"},"content":{"rendered":"\n<div class=\"wp-block-group is-layout-constrained wp-block-group-is-layout-constrained\">\n<p>El olavarriense tuvo una notable actuaci\u00f3n en la goleada de Col\u00f3n sobre Brown de Adrogu\u00e9. \u201cNacho\u201d Pietrobono fue titular y festej\u00f3. Battigelli y Wiechniak presentes, pero sin minutos.<!--more--><\/p>\n<hr \/>\n<p>Con cu\u00e1druple convocatoria de futbolistas olavarrienses, el pasado fin de semana la <strong>Primera Nacional<\/strong> disput\u00f3 de forma completa la <strong>13\u00b0 fecha<\/strong> del campeonato y solo lograron la victoria los representantes de<strong> Col\u00f3n<\/strong> y <strong>Defensores de Belgrano<\/strong>.<\/p>\n<p>\u00a0<\/p>\n<p>En el Estadio Lorenzo Arandilla,<strong> Braian Guille la rompi\u00f3: convirti\u00f3 dos goles y brind\u00f3 una asistencia en la goleada 4 a 0 del \u201cSabalero\u201d ante Brown de Adrogu\u00e9<\/strong>. El olavarriense hizo valer la inexorable ley del ex, primero a los 18\u2019 con un golazo de tiro libre y m\u00e1s tarde, a los 39\u2019, sell\u00f3 el segundo en su cuenta personal con una sutil definici\u00f3n al primer palo. <strong>Adem\u00e1s, asisti\u00f3 a Javier Toledo en la apertura del marcador<\/strong>.<\/p>\n<p>\u00a0<\/p>\n<p>Con este triunfo, el conjunto santafesino es, junto con San Telmo, puntero de la Zona B con 28 unidades.<\/p>\n<p>\u00a0<\/p>\n<p>Quien tambi\u00e9n festej\u00f3 y achic\u00f3 la diferencia con los l\u00edderes fue <strong>Defensores de Belgrano<\/strong>. Con la presencia titular de <strong>Ignacio Pietrobono<\/strong> defendiendo los tres palos, el \u201cDrag\u00f3n\u201d se impuso 2 a 0 frente Atlanta y regres\u00f3 al triunfo luego de dos ca\u00eddas seguidas.<\/p>\n<p>\u00a0<\/p>\n\n<p>\u00a0<\/p>\n<p>Por otro lado, en Mar del Plata,<strong> San Miguel<\/strong> no pudo repetir festejo y cay\u00f3 en manos de Alvarado, que cort\u00f3 una sequ\u00eda de seis partidos sin sumar de a tres. Fue 1 a 0 la derrota el \u201cTrueno Verde\u201d, que tuvo entre los suplentes a <strong>Carlos Battigelli<\/strong>.<\/p>\n<p>\u00a0<\/p>\n<p>En Mataderos, <strong>Mitre de Santiago del Estero<\/strong> volvi\u00f3 a perder y acumul\u00f3 su tercera ca\u00edda consecutiva. El \u201cAurinegro\u201d perdi\u00f3 1 a 0 como visitante de Nueva Chicago con <strong>Facundo Wiechniak<\/strong> entre las variantes, pero sin minutos en el campo de juego.<\/p>\n<p>\u00a0<\/p>\n<p>Asimismo, este pr\u00f3ximo fin de semana, la fecha 14 cruzar\u00e1 a Col\u00f3n de local contra Almagro, San Miguel har\u00e1 lo propio contra G\u00fcemes y Mitre recibir\u00e1 a Deportivo Mor\u00f3n. Por su parte, el \u201cDefe\u201d, ir\u00e1 a Isidro Casanova para su duelo contra Almirante Brown.<\/p>\n<p>\u00a0<\/p>\n<p><blockquote class=\"twitter-tweet\" data-width=\"550\" data-dnt=\"true\"><p lang=\"es\" dir=\"ltr\">\u00a1Gol de <a href=\"https:\/\/twitter.com\/ColonOficial?ref_src=twsrc%5Etfw\">@ColonOficial<\/a>! Braian Guille, otra vez, defini\u00f3 con clase y es goleada del Sabalero ante <a href=\"https:\/\/twitter.com\/CABrown_Oficial?ref_src=twsrc%5Etfw\">@CABrown_Oficial<\/a>, por 3-0. Vivilo EN VIVO por <a href=\"https:\/\/twitter.com\/TyCSports?ref_src=twsrc%5Etfw\">@TyCSports<\/a> y <a href=\"https:\/\/t.co\/6eSENGb6G0\">https:\/\/t.co\/6eSENGb6G0<\/a> ac\u00e1 ?\u00a0<a href=\"https:\/\/t.co\/EVQaHAkFEr\">https:\/\/t.co\/EVQaHAkFEr<\/a>??<a href=\"https:\/\/twitter.com\/hashtag\/NacionalEnTyCSports?src=hash&amp;ref_src=twsrc%5Etfw\">#NacionalEnTyCSports<\/a>\u26bd\ufe0f <a href=\"https:\/\/t.co\/t7IKzoUMDH\">pic.twitter.com\/t7IKzoUMDH<\/a><\/p>&mdash; TyC Sports Play (@TyCSportsPlay) <a href=\"https:\/\/twitter.com\/TyCSportsPlay\/status\/1784627623097741750?ref_src=twsrc%5Etfw\">April 28, 2024<\/a><\/blockquote><script async src=\"https:\/\/platform.twitter.com\/widgets.js\" charset=\"utf-8\"><\/script><\/p>\n<p>\u00a0<\/p>\n<p><em><strong>Foto: Col\u00f3n Oficial.<\/strong><\/em><\/p>\n<\/div>\n","protected":false},"excerpt":{"rendered":"<p>El olavarriense tuvo una notable actuaci\u00f3n en la goleada de Col\u00f3n sobre Brown de Adrogu\u00e9. \u201cNacho\u201d Pietrobono fue titular y<\/p>\n","protected":false},"author":96739694,"featured_media":160820,"comment_status":"closed","ping_status":"closed","sticky":false,"template":"","format":"standard","meta":{"_jetpack_memberships_contains_paid_content":false,"footnotes":""},"categories":[37,1],"tags":[],"class_list":["post-136645","post","type-post","status-publish","format-standard","has-post-thumbnail","hentry","category-futbol-profesional","category-portada"],"jetpack_featured_media_url":"https:\/\/i0.wp.com\/cdnoticias.com\/wp-content\/uploads\/2024\/04\/Guille-Colon-Primera-Nacional-Fecha-13-1-e1714528440951.jpg?fit=826%2C495&ssl=1","jetpack_sharing_enabled":true,"_links":{"self":[{"href":"https:\/\/cdnoticias.com\/index.php\/wp-json\/wp\/v2\/posts\/136645","targetHints":{"allow":["GET"]}}],"collection":[{"href":"https:\/\/cdnoticias.com\/index.php\/wp-json\/wp\/v2\/posts"}],"about":[{"href":"https:\/\/cdnoticias.com\/index.php\/wp-json\/wp\/v2\/types\/post"}],"author":[{"embeddable":true,"href":"https:\/\/cdnoticias.com\/index.php\/wp-json\/wp\/v2\/users\/96739694"}],"replies":[{"embeddable":true,"href":"https:\/\/cdnoticias.com\/index.php\/wp-json\/wp\/v2\/comments?post=136645"}],"version-history":[{"count":0,"href":"https:\/\/cdnoticias.com\/index.php\/wp-json\/wp\/v2\/posts\/136645\/revisions"}],"wp:featuredmedia":[{"embeddable":true,"href":"https:\/\/cdnoticias.com\/index.php\/wp-json\/wp\/v2\/media\/160820"}],"wp:attachment":[{"href":"https:\/\/cdnoticias.com\/index.php\/wp-json\/wp\/v2\/media?parent=136645"}],"wp:term":[{"taxonomy":"category","embeddable":true,"href":"https:\/\/cdnoticias.com\/index.php\/wp-json\/wp\/v2\/categories?post=136645"},{"taxonomy":"post_tag","embeddable":true,"href":"https:\/\/cdnoticias.com\/index.php\/wp-json\/wp\/v2\/tags?post=136645"}],"curies":[{"name":"wp","href":"https:\/\/api.w.org\/{rel}","templated":true}]}}