{"id":136637,"date":"2024-04-29T18:57:05","date_gmt":"2024-04-29T21:57:05","guid":{"rendered":"https:\/\/centraldeportes.com.ar\/?p=50363"},"modified":"2025-02-13T17:13:43","modified_gmt":"2025-02-13T20:13:43","slug":"estudiantes-festejo-en-otra-fecha-de-la-li-pro-bo","status":"publish","type":"post","link":"https:\/\/cdnoticias.com\/index.php\/2024\/04\/29\/estudiantes-festejo-en-otra-fecha-de-la-li-pro-bo\/","title":{"rendered":"Estudiantes festej\u00f3 en otra fecha de la Li.Pro.Bo"},"content":{"rendered":"<p>El pasado fin de semana, la actividad formativa del v\u00f3ley olavarriense tuvo presentaciones en diferentes cert\u00e1menes y en la Liga Provincial, festej\u00f3 Estudiantes.<!--more--><\/p>\n<hr \/>\n<p>En Bah\u00eda Blanca dijo presente el equipo Sub16 de Estudiantes en una nueva fecha de la Liga Provincial Bonaerense y en Benito Ju\u00e1rez hubo encuentro para las categor\u00edas Promocionales de la Asociaci\u00f3n Olavarriense de V\u00f3ley.<\/p>\n<p>&nbsp;<\/p>\n<p>Las representantes del \u201cBata\u201d se presentaron el fin de semana en Bah\u00eda Blanca donde lograron derrotar a Olimpo en la final por un re\u00f1ido 3 a 2 para consagrarse campeonas.<\/p>\n<p>&nbsp;<\/p>\n<p>Por otro lado, hubo encuentro en Benito Ju\u00e1rez para las categor\u00edas Promocionales Sub15 y Sub18 de la AOV y fue con mucha participaci\u00f3n y m\u00e1s de un centenar de representantes de las diversas entidades.<\/p>\n","protected":false},"excerpt":{"rendered":"<p>El pasado fin de semana, la actividad formativa del v\u00f3ley olavarriense tuvo presentaciones en diferentes cert\u00e1menes y en la Liga<\/p>\n","protected":false},"author":96739694,"featured_media":160838,"comment_status":"closed","ping_status":"closed","sticky":false,"template":"","format":"standard","meta":{"_jetpack_memberships_contains_paid_content":false,"footnotes":""},"categories":[30,1],"tags":[],"class_list":["post-136637","post","type-post","status-publish","format-standard","has-post-thumbnail","hentry","category-polideportivo","category-portada"],"jetpack_featured_media_url":"https:\/\/i0.wp.com\/cdnoticias.com\/wp-content\/uploads\/2024\/04\/WhatsApp-Image-2024-04-29-at-17.44.13.jpeg?fit=1280%2C960&ssl=1","jetpack_sharing_enabled":true,"_links":{"self":[{"href":"https:\/\/cdnoticias.com\/index.php\/wp-json\/wp\/v2\/posts\/136637","targetHints":{"allow":["GET"]}}],"collection":[{"href":"https:\/\/cdnoticias.com\/index.php\/wp-json\/wp\/v2\/posts"}],"about":[{"href":"https:\/\/cdnoticias.com\/index.php\/wp-json\/wp\/v2\/types\/post"}],"author":[{"embeddable":true,"href":"https:\/\/cdnoticias.com\/index.php\/wp-json\/wp\/v2\/users\/96739694"}],"replies":[{"embeddable":true,"href":"https:\/\/cdnoticias.com\/index.php\/wp-json\/wp\/v2\/comments?post=136637"}],"version-history":[{"count":0,"href":"https:\/\/cdnoticias.com\/index.php\/wp-json\/wp\/v2\/posts\/136637\/revisions"}],"wp:featuredmedia":[{"embeddable":true,"href":"https:\/\/cdnoticias.com\/index.php\/wp-json\/wp\/v2\/media\/160838"}],"wp:attachment":[{"href":"https:\/\/cdnoticias.com\/index.php\/wp-json\/wp\/v2\/media?parent=136637"}],"wp:term":[{"taxonomy":"category","embeddable":true,"href":"https:\/\/cdnoticias.com\/index.php\/wp-json\/wp\/v2\/categories?post=136637"},{"taxonomy":"post_tag","embeddable":true,"href":"https:\/\/cdnoticias.com\/index.php\/wp-json\/wp\/v2\/tags?post=136637"}],"curies":[{"name":"wp","href":"https:\/\/api.w.org\/{rel}","templated":true}]}}