{"id":136635,"date":"2024-04-29T14:59:11","date_gmt":"2024-04-29T17:59:11","guid":{"rendered":"https:\/\/centraldeportes.com.ar\/?p=50352"},"modified":"2025-02-13T17:13:47","modified_gmt":"2025-02-13T20:13:47","slug":"la-vuelta-al-municipio-tendra-mas-de-1000-atletas","status":"publish","type":"post","link":"https:\/\/cdnoticias.com\/index.php\/2024\/04\/29\/la-vuelta-al-municipio-tendra-mas-de-1000-atletas\/","title":{"rendered":"La &#8220;Vuelta al Municipio&#8221; tendr\u00e1 m\u00e1s de 1000 atletas"},"content":{"rendered":"<p>Este lunes culmin\u00f3 la inscripci\u00f3n para la 35\u00b0 edici\u00f3n de la \u201cVuelta al Municipio\u201d, que se llevar\u00e1 a cabo este mi\u00e9rcoles 1\u00b0 de mayo por las calles de la ciudad de Olavarr\u00eda. M\u00e1s de mil personas, provenientes de distintos puntos del Partido y la regi\u00f3n ya confirmaron su participaci\u00f3n.<!--more--><\/p>\n<hr \/>\n<p>Desde la Subsecretar\u00eda de Deportes se detall\u00f3 que ser\u00e1n alrededor de 600 las personas que tomar\u00e1n parte de la prueba principal, de 10 kil\u00f3metros, que tendr\u00e1 un trazado que en dos ocasiones recorrer\u00e1 el trayecto del Parque Mitre delimitado por calle Hornos y avenida De los Trabajadores, con punto de largada y llegada en el Centro Cultural Municipal San Jos\u00e9, el cual ser\u00e1 sede adem\u00e1s de distintas propuestas recreativas y culturales.<\/p>\n<p>&nbsp;<\/p>\n<p>A la par, el cierre del per\u00edodo de inscripci\u00f3n permiti\u00f3 conocer que ser\u00e1n aproximadamente 300 quienes protagonizar\u00e1n la carrera de 5K, que tendr\u00e1 id\u00e9ntico recorrido en un \u00fanico giro. El detalle acerca de cada uno de los trazados, puntos de hidrataci\u00f3n, adem\u00e1s de la camiseta oficial y chip para la fiscalizaci\u00f3n de los tiempos ser\u00e1n entregados este martes -para atletas olavarrienses- en los kits que podr\u00e1n pasar a ser retirados a partir de las 16 horas del Centro Cultural Municipal San Jos\u00e9. Se recuerda que se deber\u00e1 presentar la documentaci\u00f3n firmada (formulario de inscripci\u00f3n y deslinde de responsabilidad) adem\u00e1s del comprobante de pago la tasa municipal.<\/p>\n<p>&nbsp;<\/p>\n<p>Al respecto, se detall\u00f3 que los atletas for\u00e1neos retirar\u00e1n el kit el mismo d\u00eda de la prueba, a partir de las 8 y hasta las 10 horas, ya que la largada est\u00e1 prevista para las 10:30 horas.<\/p>\n<p>&nbsp;<\/p>\n<p>En cuanto a la prueba social, se conoci\u00f3 que alrededor de 200 las personas que realizar\u00e1n un recorrido de 3 kil\u00f3metros por el sector c\u00e9ntrico del Parque Mitre, en una propuesta destinada principalmente para instituciones de diversa \u00edndole de nuestra comunidad. En ese sentido, confirmaron su participaci\u00f3n entidades educativas, barriales, deportivas, entre otras. Aquellas personas interesadas en ser parte podr\u00e1n anotarse el mismo mi\u00e9rcoles de 11 a 13 horas, en el Centro Cultural Municipal San Jos\u00e9. La largada ser\u00e1 a las 13:30 horas.<\/p>\n<p>&nbsp;<\/p>\n<p>Por \u00faltimo, desde el Municipio de Olavarr\u00eda se agradece la respuesta para ser parte de una nueva edici\u00f3n de esta tradicional fiesta del deporte, pero tambi\u00e9n de toda la ciudad y el Partido. Es por ello que se renueva la invitaci\u00f3n para que la comunidad se acerque a disfrutar de la jornada y las distintas propuestas que se ofrecer\u00e1n durante la ma\u00f1ana y tarde de este mi\u00e9rcoles.<\/p>\n","protected":false},"excerpt":{"rendered":"<p>Este lunes culmin\u00f3 la inscripci\u00f3n para la 35\u00b0 edici\u00f3n de la \u201cVuelta al Municipio\u201d, que se llevar\u00e1 a cabo este<\/p>\n","protected":false},"author":96739694,"featured_media":160846,"comment_status":"closed","ping_status":"closed","sticky":false,"template":"","format":"standard","meta":{"_jetpack_memberships_contains_paid_content":false,"footnotes":""},"categories":[38,1],"tags":[],"class_list":["post-136635","post","type-post","status-publish","format-standard","has-post-thumbnail","hentry","category-pedestrismo","category-portada"],"jetpack_featured_media_url":"https:\/\/i0.wp.com\/cdnoticias.com\/wp-content\/uploads\/2023\/05\/vuelva-al-muni-23.jpeg?fit=1280%2C853&ssl=1","jetpack_sharing_enabled":true,"_links":{"self":[{"href":"https:\/\/cdnoticias.com\/index.php\/wp-json\/wp\/v2\/posts\/136635","targetHints":{"allow":["GET"]}}],"collection":[{"href":"https:\/\/cdnoticias.com\/index.php\/wp-json\/wp\/v2\/posts"}],"about":[{"href":"https:\/\/cdnoticias.com\/index.php\/wp-json\/wp\/v2\/types\/post"}],"author":[{"embeddable":true,"href":"https:\/\/cdnoticias.com\/index.php\/wp-json\/wp\/v2\/users\/96739694"}],"replies":[{"embeddable":true,"href":"https:\/\/cdnoticias.com\/index.php\/wp-json\/wp\/v2\/comments?post=136635"}],"version-history":[{"count":0,"href":"https:\/\/cdnoticias.com\/index.php\/wp-json\/wp\/v2\/posts\/136635\/revisions"}],"wp:featuredmedia":[{"embeddable":true,"href":"https:\/\/cdnoticias.com\/index.php\/wp-json\/wp\/v2\/media\/160846"}],"wp:attachment":[{"href":"https:\/\/cdnoticias.com\/index.php\/wp-json\/wp\/v2\/media?parent=136635"}],"wp:term":[{"taxonomy":"category","embeddable":true,"href":"https:\/\/cdnoticias.com\/index.php\/wp-json\/wp\/v2\/categories?post=136635"},{"taxonomy":"post_tag","embeddable":true,"href":"https:\/\/cdnoticias.com\/index.php\/wp-json\/wp\/v2\/tags?post=136635"}],"curies":[{"name":"wp","href":"https:\/\/api.w.org\/{rel}","templated":true}]}}