{"id":136632,"date":"2024-04-28T21:07:59","date_gmt":"2024-04-29T00:07:59","guid":{"rendered":"https:\/\/centraldeportes.com.ar\/?p=50339"},"modified":"2025-02-13T17:13:51","modified_gmt":"2025-02-13T20:13:51","slug":"torneo-pre-federal-de-clubes-formativo-debutaron-los-locales","status":"publish","type":"post","link":"https:\/\/cdnoticias.com\/index.php\/2024\/04\/28\/torneo-pre-federal-de-clubes-formativo-debutaron-los-locales\/","title":{"rendered":"Torneo Pre-Federal de Clubes Formativo: debutaron los locales"},"content":{"rendered":"<p>Estudiantes en dos categor\u00edas y Racing en una tuvieron este domingo su debut en el Torneo Pre-Federal de Clubes Formativo que organiza la Federaci\u00f3n de B\u00e1squet de la Provincia de Buenos Aires, pero s\u00f3lo festej\u00f3 un equipo.<!--more--><\/p>\n<hr \/>\n<p>Los tres representantes de la Asociaci\u00f3n de B\u00e1squet de Olavarr\u00eda tuvieron su estreno en condici\u00f3n de local y el \u00fanico que termin\u00f3 con triunfo fue Estudiantes en U15 en el primero de los partidos de la jornada.<\/p>\n<p>&nbsp;<\/p>\n<p>En el Maxigimnasio del Parque Guerrero, Estudiantes recibi\u00f3 en U15 y en U17 a Estrella de Bah\u00eda Blanca y termin\u00f3 siendo triunfo en la divisi\u00f3n menor con una destacada actuaci\u00f3n de Franco Etchevarne, autor de 23 puntos.<\/p>\n<p>&nbsp;<\/p>\n<p>Adem\u00e1s, en U17, fue amplia la supremac\u00eda bahiense que tuvo en Ger\u00f3nimo Mansilla con 15 puntos la figura de la tarde.<\/p>\n<p>&nbsp;<\/p>\n<p>[soliloquy id=&#8221;50328&#8243;]<\/p>\n<p>&nbsp;<\/p>\n<p>Por otro lado, en el Parque Olavarr\u00eda, el equipo U17 de Racing no pudo hacer valer su local\u00eda ante Deportivo Sarmiento de Coronel Su\u00e1rez. No fueron suficiente los 16 puntos de Bruno Dieser Cataldo en el \u201cChaira\u201d.<\/p>\n<p>&nbsp;<\/p>\n<p>Los resultados:<\/p>\n<p>U15:<br \/>\nEstudiantes 53-41 Estrella<\/p>\n<p>U17:<br \/>\nEstudiantes 37-59 Estrella<br \/>\nRacing 52 \u2013 64 Sarmiento<\/p>\n","protected":false},"excerpt":{"rendered":"<p>Estudiantes en dos categor\u00edas y Racing en una tuvieron este domingo su debut en el Torneo Pre-Federal de Clubes Formativo<\/p>\n","protected":false},"author":96739694,"featured_media":160857,"comment_status":"closed","ping_status":"closed","sticky":false,"template":"","format":"standard","meta":{"_jetpack_memberships_contains_paid_content":false,"footnotes":""},"categories":[31,44,1],"tags":[],"class_list":["post-136632","post","type-post","status-publish","format-standard","has-post-thumbnail","hentry","category-basquet","category-inferiores-basquet","category-portada"],"jetpack_featured_media_url":"https:\/\/i0.wp.com\/cdnoticias.com\/wp-content\/uploads\/2024\/04\/pre-federal-4.jpg?fit=1280%2C853&ssl=1","jetpack_sharing_enabled":true,"_links":{"self":[{"href":"https:\/\/cdnoticias.com\/index.php\/wp-json\/wp\/v2\/posts\/136632","targetHints":{"allow":["GET"]}}],"collection":[{"href":"https:\/\/cdnoticias.com\/index.php\/wp-json\/wp\/v2\/posts"}],"about":[{"href":"https:\/\/cdnoticias.com\/index.php\/wp-json\/wp\/v2\/types\/post"}],"author":[{"embeddable":true,"href":"https:\/\/cdnoticias.com\/index.php\/wp-json\/wp\/v2\/users\/96739694"}],"replies":[{"embeddable":true,"href":"https:\/\/cdnoticias.com\/index.php\/wp-json\/wp\/v2\/comments?post=136632"}],"version-history":[{"count":0,"href":"https:\/\/cdnoticias.com\/index.php\/wp-json\/wp\/v2\/posts\/136632\/revisions"}],"wp:featuredmedia":[{"embeddable":true,"href":"https:\/\/cdnoticias.com\/index.php\/wp-json\/wp\/v2\/media\/160857"}],"wp:attachment":[{"href":"https:\/\/cdnoticias.com\/index.php\/wp-json\/wp\/v2\/media?parent=136632"}],"wp:term":[{"taxonomy":"category","embeddable":true,"href":"https:\/\/cdnoticias.com\/index.php\/wp-json\/wp\/v2\/categories?post=136632"},{"taxonomy":"post_tag","embeddable":true,"href":"https:\/\/cdnoticias.com\/index.php\/wp-json\/wp\/v2\/tags?post=136632"}],"curies":[{"name":"wp","href":"https:\/\/api.w.org\/{rel}","templated":true}]}}