{"id":136624,"date":"2024-04-27T19:32:29","date_gmt":"2024-04-27T22:32:29","guid":{"rendered":"https:\/\/centraldeportes.com.ar\/?p=50254"},"modified":"2025-02-13T17:11:29","modified_gmt":"2025-02-13T20:11:29","slug":"liga-federal-el-talar-gana-y-sigue-subiendo-en-la-clasificacion-general","status":"publish","type":"post","link":"https:\/\/cdnoticias.com\/index.php\/2024\/04\/27\/liga-federal-el-talar-gana-y-sigue-subiendo-en-la-clasificacion-general\/","title":{"rendered":"Liga Federal: El Talar gana y sigue subiendo en la clasificaci\u00f3n general"},"content":{"rendered":"<p>Una \u00fanica presencia olavarriense tuvo la noche del viernes en la Liga Federal y fue con festejo para seguir estirando el r\u00e9cord positivo de El Talar.<!--more--><\/p>\n<hr \/>\n<p>El Talar super\u00f3 a River Plate por 80 a 70, en el partido correspondiente a la 16\u00b0 fecha de la zona A de la tercera categor\u00eda del b\u00e1squet nacional y se qued\u00f3 con el invicto que ostentaba el \u201cMillonario\u201d en condici\u00f3n de local.<\/p>\n<p>&nbsp;<\/p>\n<p>Salvo en el primer tramo del partido donde el due\u00f1o de casa se adelant\u00f3 12-7, el resto del tr\u00e1mite, en lo num\u00e9rico fue manejado por el \u201caurinegro\u201d que, a pesar de restarle a\u00fan presentaciones en la Etapa Regular piensa ya en los Playoff.<\/p>\n<p>&nbsp;<\/p>\n<p>Los dirigidos por Leandro Genovese encontraron un parcial de 12 a 0, se alejaron a quince unidades y a cada arremetida lograron siempre una respuesta pensada y elegida.<\/p>\n<p>&nbsp;<\/p>\n<p>Mateo Macrini sum\u00f3 8:09 minutos con 4 puntos y un rebote.<\/p>\n","protected":false},"excerpt":{"rendered":"<p>Una \u00fanica presencia olavarriense tuvo la noche del viernes en la Liga Federal y fue con festejo para seguir estirando<\/p>\n","protected":false},"author":96739694,"featured_media":160328,"comment_status":"closed","ping_status":"closed","sticky":false,"template":"","format":"standard","meta":{"_jetpack_memberships_contains_paid_content":false,"footnotes":""},"categories":[31,1,57],"tags":[],"class_list":["post-136624","post","type-post","status-publish","format-standard","has-post-thumbnail","hentry","category-basquet","category-portada","category-torneo-federal"],"jetpack_featured_media_url":"https:\/\/i0.wp.com\/cdnoticias.com\/wp-content\/uploads\/2024\/03\/macrini2.jpg?fit=800%2C445&ssl=1","jetpack_sharing_enabled":true,"_links":{"self":[{"href":"https:\/\/cdnoticias.com\/index.php\/wp-json\/wp\/v2\/posts\/136624","targetHints":{"allow":["GET"]}}],"collection":[{"href":"https:\/\/cdnoticias.com\/index.php\/wp-json\/wp\/v2\/posts"}],"about":[{"href":"https:\/\/cdnoticias.com\/index.php\/wp-json\/wp\/v2\/types\/post"}],"author":[{"embeddable":true,"href":"https:\/\/cdnoticias.com\/index.php\/wp-json\/wp\/v2\/users\/96739694"}],"replies":[{"embeddable":true,"href":"https:\/\/cdnoticias.com\/index.php\/wp-json\/wp\/v2\/comments?post=136624"}],"version-history":[{"count":0,"href":"https:\/\/cdnoticias.com\/index.php\/wp-json\/wp\/v2\/posts\/136624\/revisions"}],"wp:featuredmedia":[{"embeddable":true,"href":"https:\/\/cdnoticias.com\/index.php\/wp-json\/wp\/v2\/media\/160328"}],"wp:attachment":[{"href":"https:\/\/cdnoticias.com\/index.php\/wp-json\/wp\/v2\/media?parent=136624"}],"wp:term":[{"taxonomy":"category","embeddable":true,"href":"https:\/\/cdnoticias.com\/index.php\/wp-json\/wp\/v2\/categories?post=136624"},{"taxonomy":"post_tag","embeddable":true,"href":"https:\/\/cdnoticias.com\/index.php\/wp-json\/wp\/v2\/tags?post=136624"}],"curies":[{"name":"wp","href":"https:\/\/api.w.org\/{rel}","templated":true}]}}