{"id":136620,"date":"2024-04-27T14:50:30","date_gmt":"2024-04-27T17:50:30","guid":{"rendered":"https:\/\/centraldeportes.com.ar\/?p=50239"},"modified":"2025-02-13T17:11:36","modified_gmt":"2025-02-13T20:11:36","slug":"reserva-afa-la-decima-jornada-tuvo-doble-cruce-entre-olavarrienses","status":"publish","type":"post","link":"https:\/\/cdnoticias.com\/index.php\/2024\/04\/27\/reserva-afa-la-decima-jornada-tuvo-doble-cruce-entre-olavarrienses\/","title":{"rendered":"Reserva AFA: la d\u00e9cima jornada tuvo doble cruce entre olavarrienses"},"content":{"rendered":"<p>Con las convocatorias de Clemente, Mend\u00eda, Falasco y Cardillo, la Divisi\u00f3n Reserva del f\u00fatbol nacional disput\u00f3 de forma completa la 10\u00b0 fecha de la Copa Proyecci\u00f3n.<!--more--><\/p>\n<hr \/>\n<p>Entre martes y jueves pasado, la <strong>categor\u00eda preliminar de Primera Divisi\u00f3n<\/strong> disput\u00f3 todos los encuentros correspondientes al d\u00e9cimo cap\u00edtulo de la <strong>Copa Proyecci\u00f3n<\/strong> y fue con dos enfrentamientos entre representantes locales.<\/p>\n<p>&nbsp;<\/p>\n<p>En el primer de ellos, disputado en el Parque de Alto Rendimiento Coquimbito (PARC) de Mendoza, <strong>Godoy Cruz<\/strong> recuper\u00f3 la sonrisa luego de vencer 1 a 0 a <strong>Boca Juniors<\/strong>.<\/p>\n<p>&nbsp;<\/p>\n<p>En el \u201cXeneize\u201d, <strong>Mateo Mend\u00eda<\/strong> volvi\u00f3 a ser titular tras recuperarse de su lesi\u00f3n en el ligamento lateral interno de su rodilla derecha y disput\u00f3 todo el encuentro, mientras que <strong>Lucio Falasco<\/strong>, tambi\u00e9n en el once inicial del \u201cTomba\u201d, jug\u00f3 hasta los 53\u2019 y sali\u00f3 reemplazado por Mat\u00edas Funes.<\/p>\n<p>&nbsp;<\/p>\n<p>Quien tambi\u00e9n festej\u00f3 en el choque de olavarrienses fue <strong>Mauricio Cardillo<\/strong> con <strong>Lan\u00fas<\/strong>. El volante derecho fue de la partida en el \u201cGranate\u201d, que derrot\u00f3 2 a 0 a <strong>Independiente<\/strong> \u2013<strong> sin Salle<\/strong> \u2013 en el Polideportivo Lorenzo D\u00b4angelo.<\/p>\n<p>&nbsp;<\/p>\n<p>Adem\u00e1s, en Ciudad Deportiva, <strong>San Lorenzo<\/strong> volvi\u00f3 a sumar de a uno. Esta vez, ante Deportivo Riestra y fue nuevamente con la presencia titular de <strong>Mateo Clemente<\/strong> bajo los tres palos.<\/p>\n<p>&nbsp;<\/p>\n<p>En la pr\u00f3xima fecha, Boca ser\u00e1 local ante Defensa y Justicia al igual que Independiente contra Talleres de C\u00f3rdoba. Por su parte, Lan\u00fas visitar\u00e1 a Hurac\u00e1n, San Lorenzo har\u00e1 lo propio contra Banfield y Godoy Cruz se medir\u00e1 frente a Uni\u00f3n de Santa Fe.<\/p>\n<p>&nbsp;<\/p>\n<p><em><strong>Foto: CASLA Juveniles.<\/strong><\/em><\/p>\n","protected":false},"excerpt":{"rendered":"<p>Con las convocatorias de Clemente, Mend\u00eda, Falasco y Cardillo, la Divisi\u00f3n Reserva del f\u00fatbol nacional disput\u00f3 de forma completa la<\/p>\n","protected":false},"author":96739694,"featured_media":160760,"comment_status":"closed","ping_status":"closed","sticky":false,"template":"","format":"standard","meta":{"_jetpack_memberships_contains_paid_content":false,"footnotes":""},"categories":[37,42,1],"tags":[],"class_list":["post-136620","post","type-post","status-publish","format-standard","has-post-thumbnail","hentry","category-futbol-profesional","category-olavarrienses-en-lugares","category-portada"],"jetpack_featured_media_url":"https:\/\/i0.wp.com\/cdnoticias.com\/wp-content\/uploads\/2024\/04\/Clemente-Reserva-AFA-fecha-10-Copa-Proyeccion.jpg?fit=1000%2C666&ssl=1","jetpack_sharing_enabled":true,"_links":{"self":[{"href":"https:\/\/cdnoticias.com\/index.php\/wp-json\/wp\/v2\/posts\/136620","targetHints":{"allow":["GET"]}}],"collection":[{"href":"https:\/\/cdnoticias.com\/index.php\/wp-json\/wp\/v2\/posts"}],"about":[{"href":"https:\/\/cdnoticias.com\/index.php\/wp-json\/wp\/v2\/types\/post"}],"author":[{"embeddable":true,"href":"https:\/\/cdnoticias.com\/index.php\/wp-json\/wp\/v2\/users\/96739694"}],"replies":[{"embeddable":true,"href":"https:\/\/cdnoticias.com\/index.php\/wp-json\/wp\/v2\/comments?post=136620"}],"version-history":[{"count":0,"href":"https:\/\/cdnoticias.com\/index.php\/wp-json\/wp\/v2\/posts\/136620\/revisions"}],"wp:featuredmedia":[{"embeddable":true,"href":"https:\/\/cdnoticias.com\/index.php\/wp-json\/wp\/v2\/media\/160760"}],"wp:attachment":[{"href":"https:\/\/cdnoticias.com\/index.php\/wp-json\/wp\/v2\/media?parent=136620"}],"wp:term":[{"taxonomy":"category","embeddable":true,"href":"https:\/\/cdnoticias.com\/index.php\/wp-json\/wp\/v2\/categories?post=136620"},{"taxonomy":"post_tag","embeddable":true,"href":"https:\/\/cdnoticias.com\/index.php\/wp-json\/wp\/v2\/tags?post=136620"}],"curies":[{"name":"wp","href":"https:\/\/api.w.org\/{rel}","templated":true}]}}