{"id":136615,"date":"2024-04-26T15:23:36","date_gmt":"2024-04-26T18:23:36","guid":{"rendered":"https:\/\/centraldeportes.com.ar\/?p=50204"},"modified":"2025-02-13T17:11:45","modified_gmt":"2025-02-13T20:11:45","slug":"charla-sobre-genero-y-deporte-con-entrenadores-y-arbitros-de-basquet","status":"publish","type":"post","link":"https:\/\/cdnoticias.com\/index.php\/2024\/04\/26\/charla-sobre-genero-y-deporte-con-entrenadores-y-arbitros-de-basquet\/","title":{"rendered":"Charla sobre G\u00e9nero y Deporte con entrenadores y \u00e1rbitros de b\u00e1squet"},"content":{"rendered":"<p>La Direcci\u00f3n de Mujeres, G\u00e9neros y Diversidad llev\u00f3 adelante el \u00faltimo jueves por la tarde un encuentro participativo sobre Deporte y G\u00e9nero destinado a entrenadores y \u00e1rbitros de la Asociaci\u00f3n de B\u00e1squet Olavarr\u00eda.<!--more--><\/p>\n<hr \/>\n<p>La jornada \u201cAproximaciones a la perspectiva de g\u00e9nero\u201d, tuvo lugar en la Casa del Deporte con el objetivo de desplegar contenidos b\u00e1sicos en materia de g\u00e9nero con \u00e9nfasis en las masculinidades hegem\u00f3nicas, a partir de din\u00e1micas participativas vinculadas a la socializaci\u00f3n de experiencias personales, y el debate grupal asociado a los \u00e1mbitos en los que se desenvuelven.<\/p>\n<p>&nbsp;<\/p>\n<p>Adem\u00e1s se aprovech\u00f3 la ocasi\u00f3n para difundir los recursos institucionales sobre abordaje de las violencias de la Direcci\u00f3n municipal, y facilitar intercambios y reflexiones sobre los entornos deportivos de los equipos de trabajo participantes, en vistas al armado de nuevas redes interinstitucionales para futuras intervenciones desde un enfoque territorial y comunitario.<\/p>\n<p>&nbsp;<\/p>\n<p>Desde la Direcci\u00f3n de Mujeres, G\u00e9neros y Diversidad municipal, el equipo capacitador de Masculinidades manifest\u00f3 la satisfacci\u00f3n por la buena convocatoria y resultado de la jornada, y expres\u00f3 las expectativas para dar continuidad a este ciclo de encuentros con personal del \u00e1mbito deportivo: \u201c<em>Fue un encuentro muy enriquecedor, pudimos desplegar contenidos b\u00e1sicos sobre la perspectiva de g\u00e9nero a trav\u00e9s de din\u00e1micas participativas y material audiovisual ejemplificador, y a partir de esos disparadores, generar intercambios muy ricos sobre la pr\u00e1ctica profesional deportiva y sus alcances en materia de g\u00e9nero<\/em>\u201d.<\/p>\n<p>&nbsp;<\/p>\n<p>Por \u00faltimo, agradecieron la participaci\u00f3n de los equipos y celebraron el compromiso de \u201c<em>sumarse a estas instancias voluntariamente en pos de prevenir violencias en sus entornos, incluir a las diversidades y ser protagonistas en el compromiso con los derechos humanos<\/em>\u201d.<\/p>\n","protected":false},"excerpt":{"rendered":"<p>La Direcci\u00f3n de Mujeres, G\u00e9neros y Diversidad llev\u00f3 adelante el \u00faltimo jueves por la tarde un encuentro participativo sobre Deporte<\/p>\n","protected":false},"author":96739694,"featured_media":160778,"comment_status":"closed","ping_status":"closed","sticky":false,"template":"","format":"standard","meta":{"_jetpack_memberships_contains_paid_content":false,"footnotes":""},"categories":[31,1],"tags":[],"class_list":["post-136615","post","type-post","status-publish","format-standard","has-post-thumbnail","hentry","category-basquet","category-portada"],"jetpack_featured_media_url":"https:\/\/i0.wp.com\/cdnoticias.com\/wp-content\/uploads\/2024\/04\/Deporte-y-genero-2-e1713797008514.jpg?fit=966%2C627&ssl=1","jetpack_sharing_enabled":true,"_links":{"self":[{"href":"https:\/\/cdnoticias.com\/index.php\/wp-json\/wp\/v2\/posts\/136615","targetHints":{"allow":["GET"]}}],"collection":[{"href":"https:\/\/cdnoticias.com\/index.php\/wp-json\/wp\/v2\/posts"}],"about":[{"href":"https:\/\/cdnoticias.com\/index.php\/wp-json\/wp\/v2\/types\/post"}],"author":[{"embeddable":true,"href":"https:\/\/cdnoticias.com\/index.php\/wp-json\/wp\/v2\/users\/96739694"}],"replies":[{"embeddable":true,"href":"https:\/\/cdnoticias.com\/index.php\/wp-json\/wp\/v2\/comments?post=136615"}],"version-history":[{"count":0,"href":"https:\/\/cdnoticias.com\/index.php\/wp-json\/wp\/v2\/posts\/136615\/revisions"}],"wp:featuredmedia":[{"embeddable":true,"href":"https:\/\/cdnoticias.com\/index.php\/wp-json\/wp\/v2\/media\/160778"}],"wp:attachment":[{"href":"https:\/\/cdnoticias.com\/index.php\/wp-json\/wp\/v2\/media?parent=136615"}],"wp:term":[{"taxonomy":"category","embeddable":true,"href":"https:\/\/cdnoticias.com\/index.php\/wp-json\/wp\/v2\/categories?post=136615"},{"taxonomy":"post_tag","embeddable":true,"href":"https:\/\/cdnoticias.com\/index.php\/wp-json\/wp\/v2\/tags?post=136615"}],"curies":[{"name":"wp","href":"https:\/\/api.w.org\/{rel}","templated":true}]}}