{"id":13661,"date":"2021-02-13T13:09:03","date_gmt":"2021-02-13T16:09:03","guid":{"rendered":"http:\/\/www.centraldenoticias.com.ar\/?p=13661"},"modified":"2021-02-13T13:36:50","modified_gmt":"2021-02-13T16:36:50","slug":"fallecio-cesar-turchetta-dolor-en-la-region-ix","status":"publish","type":"post","link":"https:\/\/cdnoticias.com\/index.php\/2021\/02\/13\/fallecio-cesar-turchetta-dolor-en-la-region-ix\/","title":{"rendered":"Falleci\u00f3 C\u00e9sar Turchetta, dolor en la Regi\u00f3n IX"},"content":{"rendered":"<p>El fallecimiento se dio a conocer este s\u00e1bado. En la sede azule\u00f1a de Salud se mantendr\u00e1 la bandera izada a media asta.<!--more--><\/p>\n<hr \/>\n<p><strong>En la noche del viernes falleci\u00f3 C\u00e9sar Turchetta, quien fue durante 28 a\u00f1os titular de la Regi\u00f3n Sanitaria IX <\/strong>con sede en la localidad de Azul. Ten\u00eda 78 a\u00f1os.<\/p>\n<p>El personal del organismo perteneciente al Ministerio de Salud hizo saber su dolor por la p\u00e9rdida del profesional.<\/p>\n<p><img data-recalc-dims=\"1\" loading=\"lazy\" decoding=\"async\" class=\"aligncenter wp-image-13662\" src=\"https:\/\/i0.wp.com\/cdnoticias.com\/wp-content\/uploads\/2021\/02\/Regi%C3%B3n-Sanitaria-IX-169x300.jpeg?resize=400%2C711&#038;ssl=1\" alt=\"\" width=\"400\" height=\"711\" srcset=\"https:\/\/i0.wp.com\/cdnoticias.com\/wp-content\/uploads\/2021\/02\/Regi%C3%B3n-Sanitaria-IX.jpeg?resize=169%2C300&amp;ssl=1 169w, https:\/\/i0.wp.com\/cdnoticias.com\/wp-content\/uploads\/2021\/02\/Regi%C3%B3n-Sanitaria-IX.jpeg?resize=576%2C1024&amp;ssl=1 576w, https:\/\/i0.wp.com\/cdnoticias.com\/wp-content\/uploads\/2021\/02\/Regi%C3%B3n-Sanitaria-IX.jpeg?w=720&amp;ssl=1 720w\" sizes=\"auto, (max-width: 400px) 100vw, 400px\" \/><\/p>\n<p>En ese sentido, difundieron un mensaje y adelantaron que <strong>la bandera de la sede central permanecer\u00e1 izada a media asta<\/strong> en se\u00f1al de luto.<\/p>\n<p>\u201cDirectivos y personal de la Regi\u00f3n Sanitaria IX con hondo pesar comunican el fallecimiento del Dr. C\u00e9sar Carlos Turchetta,<strong> ex Director de Regi\u00f3n Sanitaria IX entre 1987 y 2015<\/strong> y acompa\u00f1an a familiares y amigos en este dif\u00edcil momento. Su legado ser\u00e1 el horizonte para quienes transitamos la gesti\u00f3n de salud p\u00fablica en el organismo. Con motivo del fallecimiento la Bandera Nacional del establecimiento permanecer\u00e1 izada a media asta todo el fin de semana\u201d expresaron.<\/p>\n<p><img data-recalc-dims=\"1\" loading=\"lazy\" decoding=\"async\" class=\"aligncenter wp-image-13663\" src=\"https:\/\/i0.wp.com\/cdnoticias.com\/wp-content\/uploads\/2021\/02\/cesar-turchetta.jpeg?resize=500%2C512&#038;ssl=1\" alt=\"\" width=\"500\" height=\"512\" srcset=\"https:\/\/i0.wp.com\/cdnoticias.com\/wp-content\/uploads\/2021\/02\/cesar-turchetta.jpeg?resize=293%2C300&amp;ssl=1 293w, https:\/\/i0.wp.com\/cdnoticias.com\/wp-content\/uploads\/2021\/02\/cesar-turchetta.jpeg?w=701&amp;ssl=1 701w\" sizes=\"auto, (max-width: 500px) 100vw, 500px\" \/><\/p>\n","protected":false},"excerpt":{"rendered":"<p>El fallecimiento se dio a conocer este s\u00e1bado. En la sede azule\u00f1a de Salud se mantendr\u00e1 la bandera izada a<\/p>\n","protected":false},"author":4,"featured_media":13664,"comment_status":"closed","ping_status":"closed","sticky":false,"template":"","format":"standard","meta":{"_jetpack_memberships_contains_paid_content":false,"footnotes":""},"categories":[6,1],"tags":[],"class_list":["post-13661","post","type-post","status-publish","format-standard","has-post-thumbnail","hentry","category-nacionales","category-portada"],"jetpack_featured_media_url":"https:\/\/i0.wp.com\/cdnoticias.com\/wp-content\/uploads\/2021\/02\/cesar-turchetta800x445.jpg?fit=701%2C390&ssl=1","jetpack_sharing_enabled":true,"_links":{"self":[{"href":"https:\/\/cdnoticias.com\/index.php\/wp-json\/wp\/v2\/posts\/13661","targetHints":{"allow":["GET"]}}],"collection":[{"href":"https:\/\/cdnoticias.com\/index.php\/wp-json\/wp\/v2\/posts"}],"about":[{"href":"https:\/\/cdnoticias.com\/index.php\/wp-json\/wp\/v2\/types\/post"}],"author":[{"embeddable":true,"href":"https:\/\/cdnoticias.com\/index.php\/wp-json\/wp\/v2\/users\/4"}],"replies":[{"embeddable":true,"href":"https:\/\/cdnoticias.com\/index.php\/wp-json\/wp\/v2\/comments?post=13661"}],"version-history":[{"count":0,"href":"https:\/\/cdnoticias.com\/index.php\/wp-json\/wp\/v2\/posts\/13661\/revisions"}],"wp:featuredmedia":[{"embeddable":true,"href":"https:\/\/cdnoticias.com\/index.php\/wp-json\/wp\/v2\/media\/13664"}],"wp:attachment":[{"href":"https:\/\/cdnoticias.com\/index.php\/wp-json\/wp\/v2\/media?parent=13661"}],"wp:term":[{"taxonomy":"category","embeddable":true,"href":"https:\/\/cdnoticias.com\/index.php\/wp-json\/wp\/v2\/categories?post=13661"},{"taxonomy":"post_tag","embeddable":true,"href":"https:\/\/cdnoticias.com\/index.php\/wp-json\/wp\/v2\/tags?post=13661"}],"curies":[{"name":"wp","href":"https:\/\/api.w.org\/{rel}","templated":true}]}}