{"id":136606,"date":"2024-04-24T21:02:05","date_gmt":"2024-04-25T00:02:05","guid":{"rendered":"https:\/\/centraldeportes.com.ar\/?p=50157"},"modified":"2025-02-13T17:10:04","modified_gmt":"2025-02-13T20:10:04","slug":"debut-y-festejo-para-chingotto-galan-en-bruselas","status":"publish","type":"post","link":"https:\/\/cdnoticias.com\/index.php\/2024\/04\/24\/debut-y-festejo-para-chingotto-galan-en-bruselas\/","title":{"rendered":"Debut y festejo para Chingotto \u2013 Gal\u00e1n en Bruselas"},"content":{"rendered":"\n<div class=\"wp-block-group is-layout-constrained wp-block-group-is-layout-constrained\">\n<p>Este mi\u00e9rcoles, el olavarriense y el madrile\u00f1o se impusieron con una s\u00f3lida victoria ante Alonso \u2013 Arroyo y lograron la clasificaci\u00f3n a octavos de final en el P2 de la capital belga.<!--more--><\/p>\n<hr \/>\n<p>Tras hacerse del subcampeonato en su primer torneo juntos,<strong> Federico Chingotto<\/strong> y <strong>Alejandro Gal\u00e1n<\/strong> regresaron este mi\u00e9rcoles a la actividad oficial y debutaron de la mejor manera en el <strong>P2 de Bruselas<\/strong>, el primer torneo del a\u00f1o de Premier Padel en tierras europeas.<\/p>\n<p>\u00a0<\/p>\n<p>Abriendo instancias en el cuadro principal, el olavarriense y el madrile\u00f1o e<strong>nfrentaron en dieciseisavos de final a los espa\u00f1oles Eduardo Alonso y Alejandro Arroyo<\/strong> y, de manera s\u00f3lida, se impusieron en el 20&#215;10 en sets consecutivos.<\/p>\n<p>\u00a0<\/p>\n<p><strong>Fue por 6 \u2013 3 y 6 \u2013 4 el triunfo para la \u201cChingal\u00e1n\u201d<\/strong> en la alfombra negra del Gare Maritime al cabo de una hora y doce minutos de partido.<\/p>\n<p>\u00a0<\/p>\n<p>Con el boleto a octavos de final en sus manos, este jueves, en la continuidad del certamen belga, \u201cChingo\u201d y Gal\u00e1n volver\u00e1n a presentarse y se medir\u00e1n ante <strong>Gonzalo Rubio<\/strong> y <strong>Jairo Batista<\/strong>.<\/p>\n<p>\u00a0<\/p>\n<p><em><strong>Foto: Premier Padel.<\/strong><\/em><\/p>\n<\/div>\n","protected":false},"excerpt":{"rendered":"<p>Este mi\u00e9rcoles, el olavarriense y el madrile\u00f1o se impusieron con una s\u00f3lida victoria ante Alonso \u2013 Arroyo y lograron la<\/p>\n","protected":false},"author":96739694,"featured_media":160668,"comment_status":"closed","ping_status":"closed","sticky":false,"template":"","format":"standard","meta":{"_jetpack_memberships_contains_paid_content":false,"footnotes":""},"categories":[1,55],"tags":[],"class_list":["post-136606","post","type-post","status-publish","format-standard","has-post-thumbnail","hentry","category-portada","category-tenis-padel"],"jetpack_featured_media_url":"https:\/\/i0.wp.com\/cdnoticias.com\/wp-content\/uploads\/2024\/04\/Chingotto-Galan-P2-Bruselas-16avos-e1714003308952.jpg?fit=805%2C488&ssl=1","jetpack_sharing_enabled":true,"_links":{"self":[{"href":"https:\/\/cdnoticias.com\/index.php\/wp-json\/wp\/v2\/posts\/136606","targetHints":{"allow":["GET"]}}],"collection":[{"href":"https:\/\/cdnoticias.com\/index.php\/wp-json\/wp\/v2\/posts"}],"about":[{"href":"https:\/\/cdnoticias.com\/index.php\/wp-json\/wp\/v2\/types\/post"}],"author":[{"embeddable":true,"href":"https:\/\/cdnoticias.com\/index.php\/wp-json\/wp\/v2\/users\/96739694"}],"replies":[{"embeddable":true,"href":"https:\/\/cdnoticias.com\/index.php\/wp-json\/wp\/v2\/comments?post=136606"}],"version-history":[{"count":0,"href":"https:\/\/cdnoticias.com\/index.php\/wp-json\/wp\/v2\/posts\/136606\/revisions"}],"wp:featuredmedia":[{"embeddable":true,"href":"https:\/\/cdnoticias.com\/index.php\/wp-json\/wp\/v2\/media\/160668"}],"wp:attachment":[{"href":"https:\/\/cdnoticias.com\/index.php\/wp-json\/wp\/v2\/media?parent=136606"}],"wp:term":[{"taxonomy":"category","embeddable":true,"href":"https:\/\/cdnoticias.com\/index.php\/wp-json\/wp\/v2\/categories?post=136606"},{"taxonomy":"post_tag","embeddable":true,"href":"https:\/\/cdnoticias.com\/index.php\/wp-json\/wp\/v2\/tags?post=136606"}],"curies":[{"name":"wp","href":"https:\/\/api.w.org\/{rel}","templated":true}]}}