{"id":136604,"date":"2024-04-24T20:02:38","date_gmt":"2024-04-24T23:02:38","guid":{"rendered":"https:\/\/centraldeportes.com.ar\/?p=50152"},"modified":"2025-02-13T17:10:05","modified_gmt":"2025-02-13T20:10:05","slug":"torneo-pre-federal-formativo-racing-y-estudiantes-seran-locales-en-el-estreno","status":"publish","type":"post","link":"https:\/\/cdnoticias.com\/index.php\/2024\/04\/24\/torneo-pre-federal-formativo-racing-y-estudiantes-seran-locales-en-el-estreno\/","title":{"rendered":"Torneo Pre-Federal Formativo: Racing y Estudiantes ser\u00e1n locales en el estreno"},"content":{"rendered":"<p>El venidero fin de semana dar\u00e1 comienzo la primera edici\u00f3n del Pre-Federal de Clubes Formativo y ser\u00e1 con la participaci\u00f3n de Estudiantes y Racing que en la primera fecha ser\u00e1n locales.<!--more--><\/p>\n<hr \/>\n<p>Los representantes del \u201cBataraz\u201d jugar\u00e1n en U15 y U17 y el \u201cChaira\u201d se presentar\u00e1 con un equipo de U17 y ambos integrar\u00e1n la Zona Sur de la competencia organizada por la Federaci\u00f3n Bonaerense de B\u00e1squet.<\/p>\n<p>&nbsp;<\/p>\n<p>Dentro del certamen U17, el \u201cChaira\u201d tendr\u00e1 su debut el venidero domingo desde las 17:30 en el Parque Olavarr\u00eda ante Sarmiento.<\/p>\n<p>&nbsp;<\/p>\n<p>El \u201cBata\u201d, por su parte, ser\u00e1 local en las dos categor\u00edas ante Estrella de Bah\u00eda Blanca. A las 14:30 comenzar\u00e1 el partido de U15 y dos horas m\u00e1s tarde ser\u00e1 turno de U17.<\/p>\n<p>&nbsp;<\/p>\n<p>En la menor divisional, competir\u00e1n ante 9 de Julio, Bahiense del Norte, Estrella, Napost\u00e1, Olimpo A y B, Puerto Comercial, Sportivo Bahiense y Villa Mitre, todos de Bah\u00eda Blanca, Centro Basko (Necochea), IAE Club (Mar del Plata), Kimberley (Mar del Plata), Once Unidos (Mar del Plata), Pe\u00f1arol (Mar del Plata), Quilmes (Mar del Plata), Uni\u00f3n (Mar del Plata), Uni\u00f3n y Progreso (Tandil) y Villa (Necochea).<\/p>\n<p>Por el lado de los menores de 17 a\u00f1os estar\u00e1n en la Zona Sur, 9 de Julio A y B, Pac\u00edfico, Bahiense del Norte, Barrio Hospital, Pellegrini, Estrella, Napost\u00e1, Olimpo y Villa Mitre (Bah\u00eda Blanca) Centro Basko (Necochea), Deportivo Sarmiento (Coronel Su\u00e1rez), Independiente (Tandil), Pe\u00f1arol (Mar del Plata), Quilmes (Mar del Plata), Uni\u00f3n (Mar del Plata), Uni\u00f3n y Progreso (Tandil) y Villa del Parque (Necochea).<\/p>\n","protected":false},"excerpt":{"rendered":"<p>El venidero fin de semana dar\u00e1 comienzo la primera edici\u00f3n del Pre-Federal de Clubes Formativo y ser\u00e1 con la participaci\u00f3n<\/p>\n","protected":false},"author":96739694,"featured_media":160670,"comment_status":"closed","ping_status":"closed","sticky":false,"template":"","format":"standard","meta":{"_jetpack_memberships_contains_paid_content":false,"footnotes":""},"categories":[31,44,1],"tags":[],"class_list":["post-136604","post","type-post","status-publish","format-standard","has-post-thumbnail","hentry","category-basquet","category-inferiores-basquet","category-portada"],"jetpack_featured_media_url":"https:\/\/i0.wp.com\/cdnoticias.com\/wp-content\/uploads\/2024\/04\/inf-abo-20.jpg?fit=1280%2C853&ssl=1","jetpack_sharing_enabled":true,"_links":{"self":[{"href":"https:\/\/cdnoticias.com\/index.php\/wp-json\/wp\/v2\/posts\/136604","targetHints":{"allow":["GET"]}}],"collection":[{"href":"https:\/\/cdnoticias.com\/index.php\/wp-json\/wp\/v2\/posts"}],"about":[{"href":"https:\/\/cdnoticias.com\/index.php\/wp-json\/wp\/v2\/types\/post"}],"author":[{"embeddable":true,"href":"https:\/\/cdnoticias.com\/index.php\/wp-json\/wp\/v2\/users\/96739694"}],"replies":[{"embeddable":true,"href":"https:\/\/cdnoticias.com\/index.php\/wp-json\/wp\/v2\/comments?post=136604"}],"version-history":[{"count":0,"href":"https:\/\/cdnoticias.com\/index.php\/wp-json\/wp\/v2\/posts\/136604\/revisions"}],"wp:featuredmedia":[{"embeddable":true,"href":"https:\/\/cdnoticias.com\/index.php\/wp-json\/wp\/v2\/media\/160670"}],"wp:attachment":[{"href":"https:\/\/cdnoticias.com\/index.php\/wp-json\/wp\/v2\/media?parent=136604"}],"wp:term":[{"taxonomy":"category","embeddable":true,"href":"https:\/\/cdnoticias.com\/index.php\/wp-json\/wp\/v2\/categories?post=136604"},{"taxonomy":"post_tag","embeddable":true,"href":"https:\/\/cdnoticias.com\/index.php\/wp-json\/wp\/v2\/tags?post=136604"}],"curies":[{"name":"wp","href":"https:\/\/api.w.org\/{rel}","templated":true}]}}