{"id":136600,"date":"2024-04-23T20:39:58","date_gmt":"2024-04-23T23:39:58","guid":{"rendered":"https:\/\/centraldeportes.com.ar\/?p=50124"},"modified":"2025-02-13T17:10:12","modified_gmt":"2025-02-13T20:10:12","slug":"colonias-y-cerros-tendra-su-historico-debut-en-el-regional-pampeano","status":"publish","type":"post","link":"https:\/\/cdnoticias.com\/index.php\/2024\/04\/23\/colonias-y-cerros-tendra-su-historico-debut-en-el-regional-pampeano\/","title":{"rendered":"Colonias y Cerros tendr\u00e1 su hist\u00f3rico debut en el Regional Pampeano"},"content":{"rendered":"\n<div class=\"wp-block-group is-layout-constrained wp-block-group-is-layout-constrained\">\n<p>Este mi\u00e9rcoles, el \u201cTricolor\u201d visitar\u00e1 a Balonpi\u00e9 desde las 20:00 en el Estadio Alem. Ser\u00e1 el \u00fanico representante olavarriense en el certamen.<!--more--><\/p>\n<hr \/>\n<p><strong>Colonias y Cerros<\/strong> se proyecta para participar, por primera vez, en el<strong> Torneo Regional Pampeano<\/strong> y ser\u00e1 este mi\u00e9rcoles en la vecina ciudad de Bol\u00edvar.<\/p>\n<p>\u00a0<\/p>\n<p>Por la <strong>1\u00b0 fecha de la Zona 3<\/strong> del certamen organizado por la Federaci\u00f3n Bonaerense Pampeana, <strong>el \u201cTricolor\u201d enfrentar\u00e1 desde las 20:00 a Balonpi\u00e9 en el Estadio de Alem<\/strong>.<\/p>\n<p>\u00a0<\/p>\n<p>Adem\u00e1s del elenco bolivarense, los dirigidos por Diego Del Castillo compartir\u00e1n grupo con <strong>Defensores de Plaza Espa\u00f1a de 25 de Mayo<\/strong>.<\/p>\n<p>\u00a0<\/p>\n<p>La forma de disputa ser\u00e1 todos contra todos, ida y vuelta en fase de grupos y clasificar\u00e1n los dos mejores equipos a las instancias eliminatorias.<\/p>\n<p>\u00a0<\/p>\n<p><em><strong>Foto: Verito Fotograf\u00edas.<\/strong><\/em><\/p>\n<\/div>\n","protected":false},"excerpt":{"rendered":"<p>Este mi\u00e9rcoles, el \u201cTricolor\u201d visitar\u00e1 a Balonpi\u00e9 desde las 20:00 en el Estadio Alem. Ser\u00e1 el \u00fanico representante olavarriense en<\/p>\n","protected":false},"author":96739694,"featured_media":160683,"comment_status":"closed","ping_status":"closed","sticky":false,"template":"","format":"standard","meta":{"_jetpack_memberships_contains_paid_content":false,"footnotes":""},"categories":[35,1,54],"tags":[],"class_list":["post-136600","post","type-post","status-publish","format-standard","has-post-thumbnail","hentry","category-futbol","category-portada","category-torneo-regional-amateur"],"jetpack_featured_media_url":"https:\/\/i0.wp.com\/cdnoticias.com\/wp-content\/uploads\/2024\/03\/CyC-vs-El-Fortin-TURD-4.jpg?fit=1280%2C853&ssl=1","jetpack_sharing_enabled":true,"_links":{"self":[{"href":"https:\/\/cdnoticias.com\/index.php\/wp-json\/wp\/v2\/posts\/136600","targetHints":{"allow":["GET"]}}],"collection":[{"href":"https:\/\/cdnoticias.com\/index.php\/wp-json\/wp\/v2\/posts"}],"about":[{"href":"https:\/\/cdnoticias.com\/index.php\/wp-json\/wp\/v2\/types\/post"}],"author":[{"embeddable":true,"href":"https:\/\/cdnoticias.com\/index.php\/wp-json\/wp\/v2\/users\/96739694"}],"replies":[{"embeddable":true,"href":"https:\/\/cdnoticias.com\/index.php\/wp-json\/wp\/v2\/comments?post=136600"}],"version-history":[{"count":0,"href":"https:\/\/cdnoticias.com\/index.php\/wp-json\/wp\/v2\/posts\/136600\/revisions"}],"wp:featuredmedia":[{"embeddable":true,"href":"https:\/\/cdnoticias.com\/index.php\/wp-json\/wp\/v2\/media\/160683"}],"wp:attachment":[{"href":"https:\/\/cdnoticias.com\/index.php\/wp-json\/wp\/v2\/media?parent=136600"}],"wp:term":[{"taxonomy":"category","embeddable":true,"href":"https:\/\/cdnoticias.com\/index.php\/wp-json\/wp\/v2\/categories?post=136600"},{"taxonomy":"post_tag","embeddable":true,"href":"https:\/\/cdnoticias.com\/index.php\/wp-json\/wp\/v2\/tags?post=136600"}],"curies":[{"name":"wp","href":"https:\/\/api.w.org\/{rel}","templated":true}]}}