{"id":136597,"date":"2024-04-23T20:28:16","date_gmt":"2024-04-23T23:28:16","guid":{"rendered":"https:\/\/centraldeportes.com.ar\/?p=50093"},"modified":"2025-02-13T17:10:13","modified_gmt":"2025-02-13T20:10:13","slug":"acop-hubo-casi-cien-parejas-en-la-fecha-de-las-impares","status":"publish","type":"post","link":"https:\/\/cdnoticias.com\/index.php\/2024\/04\/23\/acop-hubo-casi-cien-parejas-en-la-fecha-de-las-impares\/","title":{"rendered":"ACOP: hubo casi cien parejas en la fecha de las Impares"},"content":{"rendered":"<p>El pasado fin de semana se jug\u00f3 la segunda fecha del circuito olavarriense de p\u00e1del que organiza la Asociaci\u00f3n Civil Olavarriense de P\u00e1del y fue con la participaci\u00f3n de 97 parejas distribuidas en cinco divisiones.<!--more--><\/p>\n<hr \/>\n<p>La actividad\u00a0 para 97 parejas en cinco categor\u00edas se desarroll\u00f3 en Tercera Caballeros (Padel Time), Quinta Caballeros (Sport Arena), Quinta Damas (Las Terrazas), S\u00e9ptima Caballeros (P\u00e1del Time) y S\u00e9ptima B Caballeros (Padel Time).<\/p>\n<p>&nbsp;<\/p>\n<p>\u00c1lvaro Mendiberry y Joaqu\u00edn Hern\u00e1ndez fueron los campeones en Tercera Caballeros. En una definici\u00f3n cambiante derrotaron a Santiago Barsi y Javier L\u00f3pez por 3\/6, 6\/1 y 6\/4.<\/p>\n<p>&nbsp;<\/p>\n<p>Por otro lado, en Quinta Caballeros se coron\u00f3 la dupla integrada por Mat\u00edas Esteves y Braian Iriso, quienes en la final se impusieron a Diego Stoessel y Luis Falasco por 3\/6, 6\/3 y 6\/4 y en Damas, las campeonas fueron Julieta Beorlegui y Jazm\u00edn Dos Santos que superaron a Silvia Aman y Pilar Mart\u00ednez por 6\/3 y 6\/1.<\/p>\n<p>&nbsp;<\/p>\n<p>En S\u00e9ptima Caballeros, Bautista Fraysse y Francisco Giacomasso festejaron tras derrotar a en la final a Luciano Trapani y Juan Manuel Fern\u00e1ndez en un apretad\u00edsimo encuentro. El resultado final fue 7\/5, 4\/6 y 7\/5.<\/p>\n<p>&nbsp;<\/p>\n<p>Marcos Rodr\u00edguez y Nahuel Bravo fueron los campeones en S\u00e9ptima B Caballeros luego de imponerse en la definici\u00f3n a Eduardo Maldonado y Agust\u00edn Graf 6\/3, 1\/6 y 6\/3.<\/p>\n<p>&nbsp;<\/p>\n<p>La actividad continuar\u00e1 el pr\u00f3ximo fin de semana con la tercera fecha para las categor\u00edas pares.<\/p>\n","protected":false},"excerpt":{"rendered":"<p>El pasado fin de semana se jug\u00f3 la segunda fecha del circuito olavarriense de p\u00e1del que organiza la Asociaci\u00f3n Civil<\/p>\n","protected":false},"author":96739694,"featured_media":160685,"comment_status":"closed","ping_status":"closed","sticky":false,"template":"","format":"standard","meta":{"_jetpack_memberships_contains_paid_content":false,"footnotes":""},"categories":[1,55],"tags":[],"class_list":["post-136597","post","type-post","status-publish","format-standard","has-post-thumbnail","hentry","category-portada","category-tenis-padel"],"jetpack_featured_media_url":"https:\/\/i0.wp.com\/cdnoticias.com\/wp-content\/uploads\/2024\/04\/acop-3.jpg?fit=800%2C445&ssl=1","jetpack_sharing_enabled":true,"_links":{"self":[{"href":"https:\/\/cdnoticias.com\/index.php\/wp-json\/wp\/v2\/posts\/136597","targetHints":{"allow":["GET"]}}],"collection":[{"href":"https:\/\/cdnoticias.com\/index.php\/wp-json\/wp\/v2\/posts"}],"about":[{"href":"https:\/\/cdnoticias.com\/index.php\/wp-json\/wp\/v2\/types\/post"}],"author":[{"embeddable":true,"href":"https:\/\/cdnoticias.com\/index.php\/wp-json\/wp\/v2\/users\/96739694"}],"replies":[{"embeddable":true,"href":"https:\/\/cdnoticias.com\/index.php\/wp-json\/wp\/v2\/comments?post=136597"}],"version-history":[{"count":0,"href":"https:\/\/cdnoticias.com\/index.php\/wp-json\/wp\/v2\/posts\/136597\/revisions"}],"wp:featuredmedia":[{"embeddable":true,"href":"https:\/\/cdnoticias.com\/index.php\/wp-json\/wp\/v2\/media\/160685"}],"wp:attachment":[{"href":"https:\/\/cdnoticias.com\/index.php\/wp-json\/wp\/v2\/media?parent=136597"}],"wp:term":[{"taxonomy":"category","embeddable":true,"href":"https:\/\/cdnoticias.com\/index.php\/wp-json\/wp\/v2\/categories?post=136597"},{"taxonomy":"post_tag","embeddable":true,"href":"https:\/\/cdnoticias.com\/index.php\/wp-json\/wp\/v2\/tags?post=136597"}],"curies":[{"name":"wp","href":"https:\/\/api.w.org\/{rel}","templated":true}]}}