{"id":136594,"date":"2024-04-22T19:59:09","date_gmt":"2024-04-22T22:59:09","guid":{"rendered":"https:\/\/centraldeportes.com.ar\/?p=50079"},"modified":"2025-02-13T17:10:22","modified_gmt":"2025-02-13T20:10:22","slug":"barbieri-llego-al-sexto-grito-y-es-uno-de-los-goleadores-de-la-b-metro","status":"publish","type":"post","link":"https:\/\/cdnoticias.com\/index.php\/2024\/04\/22\/barbieri-llego-al-sexto-grito-y-es-uno-de-los-goleadores-de-la-b-metro\/","title":{"rendered":"Barbieri lleg\u00f3 al sexto grito y es uno de los goleadores de la B \u201cMetro\u201d"},"content":{"rendered":"<p>El delantero olavarriense volvi\u00f3 a ser la llave del gol en Deportivo Armenio. Esta vez, marc\u00f3 en el triunfo 2 a 1 frente a Sportivo Italiano por la fecha 13 del Torneo Apertura.<!--more--><\/p>\n<hr \/>\n<p><strong>Juan Ignacio Barbieri<\/strong> contin\u00faa por la senda del gol en <strong>Deportivo Armenio<\/strong> y, este pasado s\u00e1bado, aport\u00f3 lo suyo en la victoria contra <strong>Sportivo Italiano<\/strong> durante el duelo disputado en el Estadio Armenia de Maschwitz.<\/p>\n<p>&nbsp;<\/p>\n<p>Por la 13\u00b0 fecha del Torneo Apertura de la Primera B Metropolitana, <strong>el \u201cTricolor\u201d se impuso 2 a 1<\/strong> y logr\u00f3 su segundo festejo al hilo en el certamen.<\/p>\n<p>&nbsp;<\/p>\n<p><strong>El delantero olavarriense, que fue titular en el equipo de Tula, abri\u00f3 la cuenta a los 21\u2019 del primer tiempo para Armenio<\/strong> y posteriormente el ex Ferro Carril Sud, Lucas Scarnato, rompi\u00f3 la paridad y le dio el triunfo al \u201cTricolor\u201d a los 31\u2019 de la parte complementaria.<\/p>\n<p>&nbsp;<\/p>\n<p>Con este grito, <strong>Barbieri lleg\u00f3 al sexto en la temporada y es uno de los goleadores del Apertura<\/strong>. Comparte el puesto junto a Leonel Barrios, de Excursionistas, y Nicol\u00e1s Toloza, de Colegiales.<\/p>\n<p>&nbsp;<\/p>\n<p>La pr\u00f3xima fecha ser\u00e1 de visitante para Deportivo Armenio y enfrentar\u00e1 al Villa San Carlos de Sim\u00f3n Buscaglia, que a\u00fan contin\u00faa recuper\u00e1ndose de su lesi\u00f3n ligamentaria.<\/p>\n<p>&nbsp;<\/p>\n<p><em><strong>Foto: Deportivo Armenio.<\/strong><\/em><\/p>\n","protected":false},"excerpt":{"rendered":"<p>El delantero olavarriense volvi\u00f3 a ser la llave del gol en Deportivo Armenio. Esta vez, marc\u00f3 en el triunfo 2<\/p>\n","protected":false},"author":96739694,"featured_media":160699,"comment_status":"closed","ping_status":"closed","sticky":false,"template":"","format":"standard","meta":{"_jetpack_memberships_contains_paid_content":false,"footnotes":""},"categories":[37,1],"tags":[],"class_list":["post-136594","post","type-post","status-publish","format-standard","has-post-thumbnail","hentry","category-futbol-profesional","category-portada"],"jetpack_featured_media_url":"https:\/\/i0.wp.com\/cdnoticias.com\/wp-content\/uploads\/2024\/04\/Barbieri-Armenio-13%C2%B0-fecha-B-Metro-e1713826741336.jpg?fit=1000%2C605&ssl=1","jetpack_sharing_enabled":true,"_links":{"self":[{"href":"https:\/\/cdnoticias.com\/index.php\/wp-json\/wp\/v2\/posts\/136594","targetHints":{"allow":["GET"]}}],"collection":[{"href":"https:\/\/cdnoticias.com\/index.php\/wp-json\/wp\/v2\/posts"}],"about":[{"href":"https:\/\/cdnoticias.com\/index.php\/wp-json\/wp\/v2\/types\/post"}],"author":[{"embeddable":true,"href":"https:\/\/cdnoticias.com\/index.php\/wp-json\/wp\/v2\/users\/96739694"}],"replies":[{"embeddable":true,"href":"https:\/\/cdnoticias.com\/index.php\/wp-json\/wp\/v2\/comments?post=136594"}],"version-history":[{"count":0,"href":"https:\/\/cdnoticias.com\/index.php\/wp-json\/wp\/v2\/posts\/136594\/revisions"}],"wp:featuredmedia":[{"embeddable":true,"href":"https:\/\/cdnoticias.com\/index.php\/wp-json\/wp\/v2\/media\/160699"}],"wp:attachment":[{"href":"https:\/\/cdnoticias.com\/index.php\/wp-json\/wp\/v2\/media?parent=136594"}],"wp:term":[{"taxonomy":"category","embeddable":true,"href":"https:\/\/cdnoticias.com\/index.php\/wp-json\/wp\/v2\/categories?post=136594"},{"taxonomy":"post_tag","embeddable":true,"href":"https:\/\/cdnoticias.com\/index.php\/wp-json\/wp\/v2\/tags?post=136594"}],"curies":[{"name":"wp","href":"https:\/\/api.w.org\/{rel}","templated":true}]}}