{"id":136584,"date":"2024-04-21T16:27:15","date_gmt":"2024-04-21T19:27:15","guid":{"rendered":"https:\/\/centraldeportes.com.ar\/?p=50024"},"modified":"2025-02-13T17:08:56","modified_gmt":"2025-02-13T20:08:56","slug":"divisiones-inferiores-comenzo-el-apertura-y-fue-con-un-susto","status":"publish","type":"post","link":"https:\/\/cdnoticias.com\/index.php\/2024\/04\/21\/divisiones-inferiores-comenzo-el-apertura-y-fue-con-un-susto\/","title":{"rendered":"Divisiones Inferiores: comenz\u00f3 el Apertura y fue con un susto"},"content":{"rendered":"<p>Este \u00faltimo s\u00e1bado, las categor\u00edas menores del f\u00fatbol local jugaron la 1\u00b0 fecha del certamen, pero la jornada no se complet\u00f3 debido a una preocupante situaci\u00f3n ocurrida en Colonias y Cerros \u2013 Loma Negra.<!--more--><\/p>\n<hr \/>\n<p>Tras conocerse a los primeros campeones del a\u00f1o en el Preparaci\u00f3n, este pasado s\u00e1bado las <strong>Divisiones Inferiores del f\u00fatbol local<\/strong> dieron el puntapi\u00e9 en el <strong>Torneo Apertura<\/strong> y jugaron parcialmente la <strong>1\u00b0 fecha<\/strong> del certamen en seis escenarios de la ciudad.<\/p>\n<p>&nbsp;<\/p>\n<p>Precisamente en La Tradici\u00f3n, una preocupante situaci\u00f3n desencaden\u00f3 en la <strong>suspensi\u00f3n de los partidos de Quinta y Sexta en Colonias y Cerros \u2013 Loma Negra<\/strong>.<\/p>\n<p>&nbsp;<\/p>\n<p>Durante la entrada en calor, un jugador del \u201cCeleste\u201d se descompens\u00f3 y fue derivado r\u00e1pidamente al Hospital Municipal, donde le realizaron estudios con buenos resultados y posteriormente pudo regresar a su casa.<\/p>\n<p>&nbsp;<\/p>\n<p>En cuanto a lo futbol\u00edstico,<strong> Estudiantes<\/strong> y <strong>Ferro<\/strong> dividieron local\u00edas y hubo mayor\u00eda de triunfos para el \u201cCarbonero\u201d. Adem\u00e1s, <strong>Embajadores<\/strong> y <strong>El Fort\u00edn<\/strong> fueron los \u00fanicos que solo registraron victorias en todos sus compromisos.<\/p>\n<p>&nbsp;<\/p>\n<p>A la par, <strong>Racing<\/strong> predomin\u00f3 sobre <strong>Hinojo<\/strong>, mientras que <strong>Sierra Chica<\/strong> y <strong>Municipales<\/strong> repartieron festejos.<\/p>\n<p>&nbsp;<\/p>\n<p>[soliloquy id=&#8221;50005&#8243;]<\/p>\n<p>&nbsp;<\/p>\n<ul>\n<li>\n<h6><strong>Resultados:<\/strong><\/h6>\n<\/li>\n<\/ul>\n<p>&nbsp;<\/p>\n<h6><strong>En D\u00e9cima<\/strong><\/h6>\n<p>Sierra Chica <strong>0 \u2013 6<\/strong> Municipales<\/p>\n<p>Embajadores <strong>2 \u2013 0<\/strong> San Mart\u00edn<\/p>\n<p>Racing <strong>7 \u2013 0<\/strong> Hinojo<\/p>\n<p>Estudiantes <strong>3 \u2013 0<\/strong> Ferro<\/p>\n<p>&nbsp;<\/p>\n<p><img data-recalc-dims=\"1\" loading=\"lazy\" decoding=\"async\" class=\"aligncenter size-full wp-image-50027\" src=\"https:\/\/i0.wp.com\/cdnoticias.com\/wp-content\/uploads\/2024\/04\/Apertura-2024-Fecha-1-Decima.png?resize=782%2C491&#038;ssl=1\" alt=\"\" width=\"782\" height=\"491\" \/><\/p>\n<p>&nbsp;<\/p>\n<h6><strong>En Novena<\/strong><\/h6>\n<p>Sierra Chica <strong>1 \u2013 0<\/strong> Municipales<\/p>\n<p>Embajadores <strong>4 \u2013 0<\/strong> San Mart\u00edn<\/p>\n<p>Racing <strong>0 \u2013 0<\/strong> Hinojo<\/p>\n<p>Estudiantes <strong>0 \u2013 2<\/strong> Ferro<\/p>\n<p>&nbsp;<\/p>\n<p><img data-recalc-dims=\"1\" loading=\"lazy\" decoding=\"async\" class=\"aligncenter size-full wp-image-50028\" src=\"https:\/\/i0.wp.com\/cdnoticias.com\/wp-content\/uploads\/2024\/04\/Apertura-2024-Fecha-1-Novena.png?resize=784%2C487&#038;ssl=1\" alt=\"\" width=\"784\" height=\"487\" \/><\/p>\n<p>&nbsp;<\/p>\n<h6><strong>En Octava<\/strong><\/h6>\n<p>Colonias y Cerros <strong>0 \u2013 3<\/strong> Loma Negra<\/p>\n<p>Estudiantes <strong>0 \u2013 2<\/strong> Ferro<\/p>\n<p>Luj\u00e1n <strong>0 \u2013 5<\/strong> El Fort\u00edn<\/p>\n<p>&nbsp;<\/p>\n<p><img data-recalc-dims=\"1\" loading=\"lazy\" decoding=\"async\" class=\"aligncenter size-full wp-image-50029\" src=\"https:\/\/i0.wp.com\/cdnoticias.com\/wp-content\/uploads\/2024\/04\/Apertura-2024-Fecha-1-Octava.png?resize=788%2C407&#038;ssl=1\" alt=\"\" width=\"788\" height=\"407\" \/><\/p>\n<p>&nbsp;<\/p>\n<h6><strong>En S\u00e9ptima<\/strong><\/h6>\n<p>Colonias y Cerros <strong>0 \u2013 9<\/strong> Loma Negra<\/p>\n<p>Sierra Chica<strong> 2 \u2013 0<\/strong> Municipales<\/p>\n<p>Embajadores <strong>4 \u2013 2<\/strong> San Mart\u00edn<\/p>\n<p>Ferro <strong>2 \u2013 0<\/strong> Estudiantes<\/p>\n<p>Luj\u00e1n <strong>0 \u2013 4<\/strong> El Fort\u00edn<\/p>\n<p>&nbsp;<\/p>\n<p><img data-recalc-dims=\"1\" loading=\"lazy\" decoding=\"async\" class=\"aligncenter size-full wp-image-50031\" src=\"https:\/\/i0.wp.com\/cdnoticias.com\/wp-content\/uploads\/2024\/04\/Apertura-2024-Fecha-1-Septima.png?resize=785%2C527&#038;ssl=1\" alt=\"\" width=\"785\" height=\"527\" \/><\/p>\n<p>&nbsp;<\/p>\n<h6><strong>En Sexta<\/strong><\/h6>\n<p>Colonias y Cerros \u2013 Loma Negra (<strong>Suspendido<\/strong>)<\/p>\n<p>Embajadores <strong>4 \u2013 1<\/strong> San Mart\u00edn<\/p>\n<p>Racing <strong>1 \u2013 0<\/strong> Hinojo<\/p>\n<p>Ferro <strong>2 \u2013 1<\/strong> Estudiantes<\/p>\n<p>&nbsp;<\/p>\n<p><img data-recalc-dims=\"1\" loading=\"lazy\" decoding=\"async\" class=\"aligncenter size-full wp-image-50032\" src=\"https:\/\/i0.wp.com\/cdnoticias.com\/wp-content\/uploads\/2024\/04\/Apertura-2024-Fecha-1-Sexta.png?resize=786%2C493&#038;ssl=1\" alt=\"\" width=\"786\" height=\"493\" \/><\/p>\n<p>&nbsp;<\/p>\n<h6><strong>En Quinta<\/strong><\/h6>\n<p>Colonias y Cerros \u2013 Loma Negra (<strong>Suspendido<\/strong>)<\/p>\n<p>Sierra Chica <strong>1 \u2013 2<\/strong> Municipales<\/p>\n<p>Embajadores <strong>2 \u2013 1<\/strong> San Mart\u00edn<\/p>\n<p>Ferro<strong> 0 \u2013 0<\/strong> Estudiantes<\/p>\n<p>Luj\u00e1n <strong>1 \u2013 4<\/strong> El Fort\u00edn<\/p>\n<p><img data-recalc-dims=\"1\" loading=\"lazy\" decoding=\"async\" class=\"aligncenter size-full wp-image-50030\" src=\"https:\/\/i0.wp.com\/cdnoticias.com\/wp-content\/uploads\/2024\/04\/Apertura-2024-Fecha-1-Quinta.png?resize=786%2C528&#038;ssl=1\" alt=\"\" width=\"786\" height=\"528\" \/><\/p>\n","protected":false},"excerpt":{"rendered":"<p>Este \u00faltimo s\u00e1bado, las categor\u00edas menores del f\u00fatbol local jugaron la 1\u00b0 fecha del certamen, pero la jornada no se<\/p>\n","protected":false},"author":96739694,"featured_media":160604,"comment_status":"closed","ping_status":"closed","sticky":false,"template":"","format":"standard","meta":{"_jetpack_memberships_contains_paid_content":false,"footnotes":""},"categories":[35,40,1],"tags":[],"class_list":["post-136584","post","type-post","status-publish","format-standard","has-post-thumbnail","hentry","category-futbol","category-inferiores","category-portada"],"jetpack_featured_media_url":"https:\/\/i0.wp.com\/cdnoticias.com\/wp-content\/uploads\/2024\/04\/inf-lfo-3.jpeg?fit=1600%2C1066&ssl=1","jetpack_sharing_enabled":true,"_links":{"self":[{"href":"https:\/\/cdnoticias.com\/index.php\/wp-json\/wp\/v2\/posts\/136584","targetHints":{"allow":["GET"]}}],"collection":[{"href":"https:\/\/cdnoticias.com\/index.php\/wp-json\/wp\/v2\/posts"}],"about":[{"href":"https:\/\/cdnoticias.com\/index.php\/wp-json\/wp\/v2\/types\/post"}],"author":[{"embeddable":true,"href":"https:\/\/cdnoticias.com\/index.php\/wp-json\/wp\/v2\/users\/96739694"}],"replies":[{"embeddable":true,"href":"https:\/\/cdnoticias.com\/index.php\/wp-json\/wp\/v2\/comments?post=136584"}],"version-history":[{"count":0,"href":"https:\/\/cdnoticias.com\/index.php\/wp-json\/wp\/v2\/posts\/136584\/revisions"}],"wp:featuredmedia":[{"embeddable":true,"href":"https:\/\/cdnoticias.com\/index.php\/wp-json\/wp\/v2\/media\/160604"}],"wp:attachment":[{"href":"https:\/\/cdnoticias.com\/index.php\/wp-json\/wp\/v2\/media?parent=136584"}],"wp:term":[{"taxonomy":"category","embeddable":true,"href":"https:\/\/cdnoticias.com\/index.php\/wp-json\/wp\/v2\/categories?post=136584"},{"taxonomy":"post_tag","embeddable":true,"href":"https:\/\/cdnoticias.com\/index.php\/wp-json\/wp\/v2\/tags?post=136584"}],"curies":[{"name":"wp","href":"https:\/\/api.w.org\/{rel}","templated":true}]}}