{"id":136561,"date":"2024-04-17T20:37:12","date_gmt":"2024-04-17T23:37:12","guid":{"rendered":"https:\/\/centraldeportes.com.ar\/?p=49714"},"modified":"2025-02-13T17:07:58","modified_gmt":"2025-02-13T20:07:58","slug":"liga-federal-independiente-cerro-su-gira-con-otra-derrota","status":"publish","type":"post","link":"https:\/\/cdnoticias.com\/index.php\/2024\/04\/17\/liga-federal-independiente-cerro-su-gira-con-otra-derrota\/","title":{"rendered":"Liga Federal: Independiente cerr\u00f3 su gira con otra derrota"},"content":{"rendered":"<p>La mala campa\u00f1a de Independiente en la Liga Federal est\u00e1 cerca de llegar a su fin, pero en la continuidad del certamen sum\u00f3 una nueva derrota.<!--more--><\/p>\n<hr \/>\n<p>El \u201cRojo\u201d de Tandil volvi\u00f3 a presentarse en General Pico y fue con una nueva derrota, est\u00e1 vez ante Ferro por 98 a 65.<\/p>\n<p>&nbsp;<\/p>\n<p>Bajo la direcci\u00f3n de Diego Alba, el equipo piquense llegaba a este encuentro con la necesidad de obtener la victoria para cerrar de manera exitosa su participaci\u00f3n como local en la Zona A de la Regi\u00f3n Sudeste y a pesar de la tensi\u00f3n del cotejo, domin\u00f3 sin complicaciones desde el comienzo del segundo cuarto y se qued\u00f3 con la victoria.<\/p>\n<p>&nbsp;<\/p>\n<p>En Independiente que sigue como colero de la tabla de posiciones, s\u00f3lo estuvo Ariel Weisbeck que complet\u00f3 31:24 minutos con 10 puntos, 4 rebotes, 3 rebotes y 3 recuperos.<\/p>\n","protected":false},"excerpt":{"rendered":"<p>La mala campa\u00f1a de Independiente en la Liga Federal est\u00e1 cerca de llegar a su fin, pero en la continuidad<\/p>\n","protected":false},"author":96739694,"featured_media":160546,"comment_status":"closed","ping_status":"closed","sticky":false,"template":"","format":"standard","meta":{"_jetpack_memberships_contains_paid_content":false,"footnotes":""},"categories":[31,1,57],"tags":[],"class_list":["post-136561","post","type-post","status-publish","format-standard","has-post-thumbnail","hentry","category-basquet","category-portada","category-torneo-federal"],"jetpack_featured_media_url":"https:\/\/i0.wp.com\/cdnoticias.com\/wp-content\/uploads\/2024\/04\/WhatsApp-Image-2024-04-17-at-14.30.42-e1713397011491.jpeg?fit=1600%2C912&ssl=1","jetpack_sharing_enabled":true,"_links":{"self":[{"href":"https:\/\/cdnoticias.com\/index.php\/wp-json\/wp\/v2\/posts\/136561","targetHints":{"allow":["GET"]}}],"collection":[{"href":"https:\/\/cdnoticias.com\/index.php\/wp-json\/wp\/v2\/posts"}],"about":[{"href":"https:\/\/cdnoticias.com\/index.php\/wp-json\/wp\/v2\/types\/post"}],"author":[{"embeddable":true,"href":"https:\/\/cdnoticias.com\/index.php\/wp-json\/wp\/v2\/users\/96739694"}],"replies":[{"embeddable":true,"href":"https:\/\/cdnoticias.com\/index.php\/wp-json\/wp\/v2\/comments?post=136561"}],"version-history":[{"count":0,"href":"https:\/\/cdnoticias.com\/index.php\/wp-json\/wp\/v2\/posts\/136561\/revisions"}],"wp:featuredmedia":[{"embeddable":true,"href":"https:\/\/cdnoticias.com\/index.php\/wp-json\/wp\/v2\/media\/160546"}],"wp:attachment":[{"href":"https:\/\/cdnoticias.com\/index.php\/wp-json\/wp\/v2\/media?parent=136561"}],"wp:term":[{"taxonomy":"category","embeddable":true,"href":"https:\/\/cdnoticias.com\/index.php\/wp-json\/wp\/v2\/categories?post=136561"},{"taxonomy":"post_tag","embeddable":true,"href":"https:\/\/cdnoticias.com\/index.php\/wp-json\/wp\/v2\/tags?post=136561"}],"curies":[{"name":"wp","href":"https:\/\/api.w.org\/{rel}","templated":true}]}}