{"id":136559,"date":"2024-04-17T14:53:25","date_gmt":"2024-04-17T17:53:25","guid":{"rendered":"https:\/\/centraldeportes.com.ar\/?p=49705"},"modified":"2025-02-13T17:08:00","modified_gmt":"2025-02-13T20:08:00","slug":"nehuen-erripa-el-mejor-ciclista-argentino-en-sub23","status":"publish","type":"post","link":"https:\/\/cdnoticias.com\/index.php\/2024\/04\/17\/nehuen-erripa-el-mejor-ciclista-argentino-en-sub23\/","title":{"rendered":"Nehu\u00e9n Erripa, el mejor ciclista argentino en Sub23"},"content":{"rendered":"<p>El pasado fin de semana se llev\u00f3 a cabo el Campeonato Argentino de Ruta de ciclismo y termin\u00f3 de la mejor forma para Nehu\u00e9n Erripa que se consagr\u00f3 campe\u00f3n en la categor\u00eda Sub23.<!--more--><\/p>\n<hr \/>\n<p>El ciclista de la Asociaci\u00f3n Olavarr\u00eda Centro se present\u00f3 en Alta Gracia en el certamen nacional donde logr\u00f3 la medalla de oro luego de los 140 kil\u00f3metros que demand\u00f3 la prueba masculina Sub23.<\/p>\n<p>&nbsp;<\/p>\n<p>Fueron 35 vueltas al aut\u00f3dromo y m\u00e1s de 3 horas de carrera con una fuga de 12 ciclistas sali\u00f3 que fueron neutralizados por pelot\u00f3n y cuando todav\u00eda quedaban unas 10 vueltas se produjo el ataque que defini\u00f3 la prueba.<\/p>\n<p>&nbsp;<\/p>\n<div class=\"tiled-gallery type-rectangular tiled-gallery-unresized\" data-original-width=\"800\" data-carousel-extra='null' itemscope itemtype=\"http:\/\/schema.org\/ImageGallery\" > <div class=\"gallery-row\" style=\"width: 800px; height: 451px;\" data-original-width=\"800\" data-original-height=\"451\" > <div class=\"gallery-group images-1\" style=\"width: 800px; height: 451px;\" data-original-width=\"800\" data-original-height=\"451\" > <div class=\"tiled-gallery-item tiled-gallery-item-large\" itemprop=\"associatedMedia\" itemscope itemtype=\"http:\/\/schema.org\/ImageObject\"> <a href=\"https:\/\/i0.wp.com\/cdnoticias.com\/wp-content\/uploads\/2022\/03\/FOe6SpXXIAsIwJ5.jpg?ssl=1\" border=\"0\" itemprop=\"url\"> <meta itemprop=\"width\" content=\"796\"> <meta itemprop=\"height\" content=\"447\"> <img decoding=\"async\" class=\"\" data-attachment-id=\"49706\" data-orig-file=\"https:\/\/cdnoticias.com\/wp-content\/uploads\/2022\/03\/FOe6SpXXIAsIwJ5.jpg\" data-orig-size=\"2081,1169\" data-comments-opened=\"\" data-image-meta=\"{&quot;aperture&quot;:&quot;0&quot;,&quot;credit&quot;:&quot;&quot;,&quot;camera&quot;:&quot;&quot;,&quot;caption&quot;:&quot;&quot;,&quot;created_timestamp&quot;:&quot;0&quot;,&quot;copyright&quot;:&quot;&quot;,&quot;focal_length&quot;:&quot;0&quot;,&quot;iso&quot;:&quot;0&quot;,&quot;shutter_speed&quot;:&quot;0&quot;,&quot;title&quot;:&quot;&quot;,&quot;orientation&quot;:&quot;0&quot;}\" data-image-title=\"FOe6SpXXIAsIwJ5\" data-image-description=\"\" data-medium-file=\"https:\/\/i0.wp.com\/cdnoticias.com\/wp-content\/uploads\/2022\/03\/FOe6SpXXIAsIwJ5.jpg?fit=300%2C169&#038;ssl=1\" data-large-file=\"https:\/\/i0.wp.com\/cdnoticias.com\/wp-content\/uploads\/2022\/03\/FOe6SpXXIAsIwJ5.jpg?fit=800%2C449&#038;ssl=1\" src=\"https:\/\/i0.wp.com\/cdnoticias.com\/wp-content\/uploads\/2022\/03\/FOe6SpXXIAsIwJ5.jpg?w=796&#038;h=447&#038;ssl=1\" srcset=\"https:\/\/i0.wp.com\/cdnoticias.com\/wp-content\/uploads\/2022\/03\/FOe6SpXXIAsIwJ5.jpg?w=2081&amp;ssl=1 2081w, https:\/\/i0.wp.com\/cdnoticias.com\/wp-content\/uploads\/2022\/03\/FOe6SpXXIAsIwJ5.jpg?resize=300%2C169&amp;ssl=1 300w, https:\/\/i0.wp.com\/cdnoticias.com\/wp-content\/uploads\/2022\/03\/FOe6SpXXIAsIwJ5.jpg?resize=1024%2C575&amp;ssl=1 1024w, https:\/\/i0.wp.com\/cdnoticias.com\/wp-content\/uploads\/2022\/03\/FOe6SpXXIAsIwJ5.jpg?resize=768%2C431&amp;ssl=1 768w, https:\/\/i0.wp.com\/cdnoticias.com\/wp-content\/uploads\/2022\/03\/FOe6SpXXIAsIwJ5.jpg?resize=1536%2C863&amp;ssl=1 1536w, https:\/\/i0.wp.com\/cdnoticias.com\/wp-content\/uploads\/2022\/03\/FOe6SpXXIAsIwJ5.jpg?resize=2048%2C1150&amp;ssl=1 2048w, https:\/\/i0.wp.com\/cdnoticias.com\/wp-content\/uploads\/2022\/03\/FOe6SpXXIAsIwJ5.jpg?w=1600&amp;ssl=1 1600w\" width=\"796\" height=\"447\" loading=\"lazy\" data-original-width=\"796\" data-original-height=\"447\" itemprop=\"http:\/\/schema.org\/image\" title=\"FOe6SpXXIAsIwJ5\" alt=\"FOe6SpXXIAsIwJ5\" style=\"width: 796px; height: 447px;\" \/> <\/a> <\/div> <\/div> <!-- close group --> <\/div> <!-- close row --> <\/div>\n<p>&nbsp;<\/p>\n<p>Nehu\u00e9n Erripa (Olavarr\u00eda Centro), M\u00e1ximo Cornejo (C\u00f3rdoba), Emiliano Medina (Santiague\u00f1a) y Santiago Videla (San Juan) abrieron hueco con el pelot\u00f3n, la diferencia pareci\u00f3 insignificante al principio, pero se fue ampliando y termin\u00f3 siendo indescontable.<\/p>\n<p>&nbsp;<\/p>\n<p>En la definici\u00f3n, el olavarriense Nehu\u00e9n Erripa logr\u00f3 dominar el sprint y alzar los brazos con algunos metros de ventaja sobre Santiago Videla y M\u00e1ximo Cornejo.<\/p>\n<p>&nbsp;<\/p>\n<p>\u201c<em>Estoy muy feliz y muy agradecido con mi compa\u00f1ero Ayrton y con toda la gente de Olavarr\u00eda, esta es una medalla muy buscada, tuve un mal d\u00eda en la crono, pero pudimos coronar el fin de semana con la medalla de oro<\/em>\u201d valor\u00f3 el campe\u00f3n argentino que en los pr\u00f3ximos d\u00edas viajar\u00e1 a Espa\u00f1a para continuar compitiendo un a\u00f1o m\u00e1s en el viejo continente.<\/p>\n","protected":false},"excerpt":{"rendered":"<p>El pasado fin de semana se llev\u00f3 a cabo el Campeonato Argentino de Ruta de ciclismo y termin\u00f3 de la<\/p>\n","protected":false},"author":96739694,"featured_media":160548,"comment_status":"closed","ping_status":"closed","sticky":false,"template":"","format":"standard","meta":{"_jetpack_memberships_contains_paid_content":false,"footnotes":""},"categories":[30,1],"tags":[],"class_list":["post-136559","post","type-post","status-publish","format-standard","has-post-thumbnail","hentry","category-polideportivo","category-portada"],"jetpack_featured_media_url":"https:\/\/i0.wp.com\/cdnoticias.com\/wp-content\/uploads\/2024\/04\/CAR_8466-1024x683-1.jpg?fit=1024%2C683&ssl=1","jetpack_sharing_enabled":true,"_links":{"self":[{"href":"https:\/\/cdnoticias.com\/index.php\/wp-json\/wp\/v2\/posts\/136559","targetHints":{"allow":["GET"]}}],"collection":[{"href":"https:\/\/cdnoticias.com\/index.php\/wp-json\/wp\/v2\/posts"}],"about":[{"href":"https:\/\/cdnoticias.com\/index.php\/wp-json\/wp\/v2\/types\/post"}],"author":[{"embeddable":true,"href":"https:\/\/cdnoticias.com\/index.php\/wp-json\/wp\/v2\/users\/96739694"}],"replies":[{"embeddable":true,"href":"https:\/\/cdnoticias.com\/index.php\/wp-json\/wp\/v2\/comments?post=136559"}],"version-history":[{"count":0,"href":"https:\/\/cdnoticias.com\/index.php\/wp-json\/wp\/v2\/posts\/136559\/revisions"}],"wp:featuredmedia":[{"embeddable":true,"href":"https:\/\/cdnoticias.com\/index.php\/wp-json\/wp\/v2\/media\/160548"}],"wp:attachment":[{"href":"https:\/\/cdnoticias.com\/index.php\/wp-json\/wp\/v2\/media?parent=136559"}],"wp:term":[{"taxonomy":"category","embeddable":true,"href":"https:\/\/cdnoticias.com\/index.php\/wp-json\/wp\/v2\/categories?post=136559"},{"taxonomy":"post_tag","embeddable":true,"href":"https:\/\/cdnoticias.com\/index.php\/wp-json\/wp\/v2\/tags?post=136559"}],"curies":[{"name":"wp","href":"https:\/\/api.w.org\/{rel}","templated":true}]}}