{"id":136557,"date":"2024-04-16T22:24:21","date_gmt":"2024-04-17T01:24:21","guid":{"rendered":"https:\/\/centraldeportes.com.ar\/?p=49678"},"modified":"2025-02-13T17:08:02","modified_gmt":"2025-02-13T20:08:02","slug":"el-chaira-inicio-los-festejos-por-los-108-anos-con-un-acto","status":"publish","type":"post","link":"https:\/\/cdnoticias.com\/index.php\/2024\/04\/16\/el-chaira-inicio-los-festejos-por-los-108-anos-con-un-acto\/","title":{"rendered":"El \u201cChaira\u201d inici\u00f3 los festejos por los 108 a\u00f1os con un acto"},"content":{"rendered":"<p>A pesar de las malas condiciones de este martes, en el gimnasio central del Parque Olavarr\u00eda, se llev\u00f3 a cabo el acto oficial por el 108\u00b0 aniversario de Racing Atletic Club. Estuvieron presentes, autoridades, dirigentes, hinchas y deportistas de cada disciplina.<!--more--><\/p>\n<hr \/>\n<p>Este martes 16 de abril Racing Atletic Club de Olavarr\u00eda celebr\u00f3 su 108\u00b0 aniversario y con motivo de comenzar las celebraciones se llev\u00f3 a cabo el acto protocolar que tuvo desfile de delegaciones, homenajes a deportistas y dirigentes fallecidos y palabras alusivas.<\/p>\n<p>&nbsp;<\/p>\n<p>Luego, el Presidente de la Uni\u00f3n de Clubes de Olavarr\u00eda Jos\u00e9 Maceo dedic\u00f3 unas palabras de cari\u00f1o hacia Racing y para el actual presidente del club Hugo Fayan\u00e1s, al cual le agradeci\u00f3 por la propia conformaci\u00f3n de la Uni\u00f3n de Clubes.<\/p>\n<p>&nbsp;<\/p>\n<p>[soliloquy id=&#8221;49684&#8243;]<\/p>\n<p>&nbsp;<\/p>\n<p>M\u00e1s tarde tom\u00f3 la palabra el actual presidente, Hugo Fayan\u00e1s que agradeci\u00f3 la presencia, los saludos y valor\u00f3 la labor de la Uni\u00f3n de Clubes \u201c<em>que desde hace a\u00f1os viene dando resultados y es lo mejor que le puede pasar a Olavarr\u00eda, que los clubes est\u00e9n unidos<\/em>\u201d.<\/p>\n<p>&nbsp;<\/p>\n<p>El presidente que asumi\u00f3 hace 48 d\u00edas, tambi\u00e9n agradeci\u00f3 a la Comisi\u00f3n Directiva y los dirigentes por su apoyo en esta gesti\u00f3n; a las subcomisiones y referentes que llevan adelante cada disciplina; a los profesores y a los deportistas que hacen Racing.<\/p>\n<p>&nbsp;<\/p>\n<p>\u201c<em>Estoy muy agradecido de que me hayan ofrecido la presidencia. Estoy muy contento con el club y todos los proyectos que se vienen<\/em>\u201d, sentenci\u00f3 para despu\u00e9s invitar a los presentes a la cena de festejo por haber cumplido un a\u00f1o nuevo desde su fundaci\u00f3n.<\/p>\n","protected":false},"excerpt":{"rendered":"<p>A pesar de las malas condiciones de este martes, en el gimnasio central del Parque Olavarr\u00eda, se llev\u00f3 a cabo<\/p>\n","protected":false},"author":96739694,"featured_media":160553,"comment_status":"closed","ping_status":"closed","sticky":false,"template":"","format":"standard","meta":{"_jetpack_memberships_contains_paid_content":false,"footnotes":""},"categories":[30,1],"tags":[],"class_list":["post-136557","post","type-post","status-publish","format-standard","has-post-thumbnail","hentry","category-polideportivo","category-portada"],"jetpack_featured_media_url":"https:\/\/i0.wp.com\/cdnoticias.com\/wp-content\/uploads\/2024\/04\/rac-4.jpg?fit=1280%2C853&ssl=1","jetpack_sharing_enabled":true,"_links":{"self":[{"href":"https:\/\/cdnoticias.com\/index.php\/wp-json\/wp\/v2\/posts\/136557","targetHints":{"allow":["GET"]}}],"collection":[{"href":"https:\/\/cdnoticias.com\/index.php\/wp-json\/wp\/v2\/posts"}],"about":[{"href":"https:\/\/cdnoticias.com\/index.php\/wp-json\/wp\/v2\/types\/post"}],"author":[{"embeddable":true,"href":"https:\/\/cdnoticias.com\/index.php\/wp-json\/wp\/v2\/users\/96739694"}],"replies":[{"embeddable":true,"href":"https:\/\/cdnoticias.com\/index.php\/wp-json\/wp\/v2\/comments?post=136557"}],"version-history":[{"count":0,"href":"https:\/\/cdnoticias.com\/index.php\/wp-json\/wp\/v2\/posts\/136557\/revisions"}],"wp:featuredmedia":[{"embeddable":true,"href":"https:\/\/cdnoticias.com\/index.php\/wp-json\/wp\/v2\/media\/160553"}],"wp:attachment":[{"href":"https:\/\/cdnoticias.com\/index.php\/wp-json\/wp\/v2\/media?parent=136557"}],"wp:term":[{"taxonomy":"category","embeddable":true,"href":"https:\/\/cdnoticias.com\/index.php\/wp-json\/wp\/v2\/categories?post=136557"},{"taxonomy":"post_tag","embeddable":true,"href":"https:\/\/cdnoticias.com\/index.php\/wp-json\/wp\/v2\/tags?post=136557"}],"curies":[{"name":"wp","href":"https:\/\/api.w.org\/{rel}","templated":true}]}}