{"id":136525,"date":"2024-04-11T18:26:31","date_gmt":"2024-04-11T21:26:31","guid":{"rendered":"https:\/\/centraldeportes.com.ar\/?p=49526"},"modified":"2025-02-13T17:06:57","modified_gmt":"2025-02-13T20:06:57","slug":"liga-federal-el-talar-no-para-de-ganar","status":"publish","type":"post","link":"https:\/\/cdnoticias.com\/index.php\/2024\/04\/11\/liga-federal-el-talar-no-para-de-ganar\/","title":{"rendered":"Liga Federal: El Talar no para de ganar"},"content":{"rendered":"<p>En la noche del mi\u00e9rcoles hubo una \u00fanica presentaci\u00f3n olavarriense en la Liga Federal y fue en la doceava victoria de El Talar.<!--more--><\/p>\n<hr \/>\n<p>El Talar super\u00f3 a All Boys por 100 a 69 en el partido correspondiente a la 12\u00b0 Fecha de la Zona A de la Regi\u00f3n Metropolitana.<\/p>\n<p>&nbsp;<\/p>\n<p>Fue una gran jornada ofensiva de los orientados por Leandro Genovese con alt\u00edsima efectividad en lanzamientos triples, juego de pases y penetraciones punzantes todo sin bajar el ritmo a partir de una amplia rotaci\u00f3n de los minutos de juego del plantel.<\/p>\n<p>&nbsp;<\/p>\n<p>En el puntero e invicto del grupo, Mateo Macrini sum\u00f3 7 puntos y 3 rebotes en 15:05 minutos en cancha.<\/p>\n","protected":false},"excerpt":{"rendered":"<p>En la noche del mi\u00e9rcoles hubo una \u00fanica presentaci\u00f3n olavarriense en la Liga Federal y fue en la doceava victoria<\/p>\n","protected":false},"author":96739694,"featured_media":160513,"comment_status":"closed","ping_status":"closed","sticky":false,"template":"","format":"standard","meta":{"_jetpack_memberships_contains_paid_content":false,"footnotes":""},"categories":[31,1,57],"tags":[],"class_list":["post-136525","post","type-post","status-publish","format-standard","has-post-thumbnail","hentry","category-basquet","category-portada","category-torneo-federal"],"jetpack_featured_media_url":"https:\/\/i0.wp.com\/cdnoticias.com\/wp-content\/uploads\/2024\/03\/macrini3.jpg?fit=800%2C445&ssl=1","jetpack_sharing_enabled":true,"_links":{"self":[{"href":"https:\/\/cdnoticias.com\/index.php\/wp-json\/wp\/v2\/posts\/136525","targetHints":{"allow":["GET"]}}],"collection":[{"href":"https:\/\/cdnoticias.com\/index.php\/wp-json\/wp\/v2\/posts"}],"about":[{"href":"https:\/\/cdnoticias.com\/index.php\/wp-json\/wp\/v2\/types\/post"}],"author":[{"embeddable":true,"href":"https:\/\/cdnoticias.com\/index.php\/wp-json\/wp\/v2\/users\/96739694"}],"replies":[{"embeddable":true,"href":"https:\/\/cdnoticias.com\/index.php\/wp-json\/wp\/v2\/comments?post=136525"}],"version-history":[{"count":0,"href":"https:\/\/cdnoticias.com\/index.php\/wp-json\/wp\/v2\/posts\/136525\/revisions"}],"wp:featuredmedia":[{"embeddable":true,"href":"https:\/\/cdnoticias.com\/index.php\/wp-json\/wp\/v2\/media\/160513"}],"wp:attachment":[{"href":"https:\/\/cdnoticias.com\/index.php\/wp-json\/wp\/v2\/media?parent=136525"}],"wp:term":[{"taxonomy":"category","embeddable":true,"href":"https:\/\/cdnoticias.com\/index.php\/wp-json\/wp\/v2\/categories?post=136525"},{"taxonomy":"post_tag","embeddable":true,"href":"https:\/\/cdnoticias.com\/index.php\/wp-json\/wp\/v2\/tags?post=136525"}],"curies":[{"name":"wp","href":"https:\/\/api.w.org\/{rel}","templated":true}]}}