{"id":136516,"date":"2024-04-09T22:05:21","date_gmt":"2024-04-10T01:05:21","guid":{"rendered":"https:\/\/centraldeportes.com.ar\/?p=49430"},"modified":"2025-02-13T17:07:10","modified_gmt":"2025-02-13T20:07:10","slug":"los-picantes-festejaron-en-el-ricardo-sanchez","status":"publish","type":"post","link":"https:\/\/cdnoticias.com\/index.php\/2024\/04\/09\/los-picantes-festejaron-en-el-ricardo-sanchez\/","title":{"rendered":"\u201cLos Picantes\u201d festejaron en el Ricardo S\u00e1nchez"},"content":{"rendered":"<p>El pasado domingo, en la previa del partido de Primera Divisi\u00f3n, la categor\u00eda 2013 del Club El Fort\u00edn dio la vuelta ol\u00edmpica con el t\u00edtulo obtenido en La Pampa.<!--more--><\/p>\n<hr \/>\n<p>El semillero \u201cFortinero\u201d, precisamente la <strong>categor\u00eda 2013<\/strong>, fue noticia en los \u00faltimos d\u00edas luego de coronarse campe\u00f3n nacional del <strong>Torneo \u201cRufino \u00c1balo\u201d<\/strong> organizado por el Club Costa Brava de General Pico, en La Pampa.<\/p>\n<p>&nbsp;<\/p>\n<p>All\u00ed,<strong> con gol de Felipe D\u00edaz, el representativo Blanco de El Fort\u00edn venci\u00f3 1 a 0 a Deportivo Bowen de Mendoza en la definici\u00f3n<\/strong> y se qued\u00f3 con la Copa de Oro de la 19\u00b0 edici\u00f3n del certamen.<\/p>\n<p>&nbsp;<\/p>\n<p><img data-recalc-dims=\"1\" loading=\"lazy\" decoding=\"async\" class=\"aligncenter size-large wp-image-49360\" src=\"https:\/\/i0.wp.com\/cdnoticias.com\/wp-content\/uploads\/2024\/04\/lfo-6.jpg?resize=800%2C533&#038;ssl=1\" alt=\"\" width=\"800\" height=\"533\" \/><\/p>\n<p>&nbsp;<\/p>\n<p>Por tal motivo, en la soleada tarde del pasado domingo,<strong> los chicos festejaron el t\u00edtulo obtenido en la previa del partido de Primera Divisi\u00f3n<\/strong> <a href=\"https:\/\/cdnoticias.com\/no-les-pierde-pisada-el-fortin-volvio-a-sumar-de-a-tres-y-es-unico-escolta\/\">entre el local y Sierra Chica<\/a>.<\/p>\n<p>&nbsp;<\/p>\n<p>Con la compa\u00f1\u00eda de los profesores, \u201cLos Picantes\u201d dieron la euf\u00f3rica vuelta ol\u00edmpica en el Ricardo S\u00e1nchez con trofeo en mano, a la par de los c\u00e1nticos y los aplausos del p\u00fablico presente.<\/p>\n","protected":false},"excerpt":{"rendered":"<p>El pasado domingo, en la previa del partido de Primera Divisi\u00f3n, la categor\u00eda 2013 del Club El Fort\u00edn dio la<\/p>\n","protected":false},"author":96739694,"featured_media":160536,"comment_status":"closed","ping_status":"closed","sticky":false,"template":"","format":"standard","meta":{"_jetpack_memberships_contains_paid_content":false,"footnotes":""},"categories":[35,40,1],"tags":[],"class_list":["post-136516","post","type-post","status-publish","format-standard","has-post-thumbnail","hentry","category-futbol","category-inferiores","category-portada"],"jetpack_featured_media_url":"https:\/\/i0.wp.com\/cdnoticias.com\/wp-content\/uploads\/2024\/04\/lfo-5.jpg?fit=1280%2C853&ssl=1","jetpack_sharing_enabled":true,"_links":{"self":[{"href":"https:\/\/cdnoticias.com\/index.php\/wp-json\/wp\/v2\/posts\/136516","targetHints":{"allow":["GET"]}}],"collection":[{"href":"https:\/\/cdnoticias.com\/index.php\/wp-json\/wp\/v2\/posts"}],"about":[{"href":"https:\/\/cdnoticias.com\/index.php\/wp-json\/wp\/v2\/types\/post"}],"author":[{"embeddable":true,"href":"https:\/\/cdnoticias.com\/index.php\/wp-json\/wp\/v2\/users\/96739694"}],"replies":[{"embeddable":true,"href":"https:\/\/cdnoticias.com\/index.php\/wp-json\/wp\/v2\/comments?post=136516"}],"version-history":[{"count":0,"href":"https:\/\/cdnoticias.com\/index.php\/wp-json\/wp\/v2\/posts\/136516\/revisions"}],"wp:featuredmedia":[{"embeddable":true,"href":"https:\/\/cdnoticias.com\/index.php\/wp-json\/wp\/v2\/media\/160536"}],"wp:attachment":[{"href":"https:\/\/cdnoticias.com\/index.php\/wp-json\/wp\/v2\/media?parent=136516"}],"wp:term":[{"taxonomy":"category","embeddable":true,"href":"https:\/\/cdnoticias.com\/index.php\/wp-json\/wp\/v2\/categories?post=136516"},{"taxonomy":"post_tag","embeddable":true,"href":"https:\/\/cdnoticias.com\/index.php\/wp-json\/wp\/v2\/tags?post=136516"}],"curies":[{"name":"wp","href":"https:\/\/api.w.org\/{rel}","templated":true}]}}