{"id":136510,"date":"2024-04-08T17:10:02","date_gmt":"2024-04-08T20:10:02","guid":{"rendered":"https:\/\/centraldeportes.com.ar\/?p=49387"},"modified":"2025-02-13T17:02:38","modified_gmt":"2025-02-13T20:02:38","slug":"el-torneo-oficial-de-tercera-categoria-confirmo-todos-los-ascensos","status":"publish","type":"post","link":"https:\/\/cdnoticias.com\/index.php\/2024\/04\/08\/el-torneo-oficial-de-tercera-categoria-confirmo-todos-los-ascensos\/","title":{"rendered":"El Torneo Oficial de Tercera Categor\u00eda confirm\u00f3 todos los ascensos"},"content":{"rendered":"<p>D\u00edas atr\u00e1s finaliz\u00f3 el Campeonato Oficial de Tercera Categor\u00eda dando a conocer los cuatro ascensos que restaban luego de la consagraci\u00f3n de Lautaro Sampaoli.<!--more--><\/p>\n<hr \/>\n<p>El evento organizado por la Federaci\u00f3n de Ajedrez de Olavarr\u00eda fue arbitrado por la AN Ana Clara Mariani y el AR Gustavo Arambel, se disput\u00f3 los d\u00edas lunes y jueves mediante la modalidad de sistema suizo a 7 rondas, con un tiempo de reflexi\u00f3n de noventa minutos iniciales de reflexi\u00f3n m\u00e1s treinta segundos de incremento por jugador.<\/p>\n<p>&nbsp;<\/p>\n<p>Por la \u00faltima ronda, postergada en se\u00f1al de duelo por el deceso de Juan Kromberger, jugador, dirigente y organizador local, Lautaro Sampaoli cerr\u00f3 su campa\u00f1a con una victoria con las piezas blancas frente a Andr\u00e9s Stanek y con ello se coron\u00f3 campe\u00f3n de manera invicta, obteniendo su ascenso a la Segunda Categor\u00eda gracias a un juego sin fisuras.<\/p>\n<p>&nbsp;<\/p>\n<p>Mientras tanto, con su victoria frente a Maximiliano Cavalleri, Oscar Orellana se ubic\u00f3 subcampe\u00f3n y tambi\u00e9n logr\u00f3 su plaza, mientras que Alan Pedreira, el mencionado Cavalleri y Guillermo Marconi ocuparon los cupos restantes.<\/p>\n<p>&nbsp;<\/p>\n<p>Posiciones finales:<\/p>\n<p>1\u00b0) Lautaro Sampaoli con 6,5 puntos<br \/>\n2\u00b0-3\u00b0) Oscar Orellana y Alan Pedreira, con 5<br \/>\n4\u00b0-7\u00b0) Juan Kromberger, Maximiliano Cavalleri, Guillermo Marconi y Juan Manuel Rodr\u00edguez, con 4<br \/>\n8\u00b0-11\u00b0) Juan Cruz Urban, Andr\u00e9s Stanek, Jos\u00e9 Loza y Jorge Costilla, todos con 3,5<\/p>\n<p>&nbsp;<\/p>\n<p>Por otro lado, desde la entidad reguladora informaron que se ampli\u00f3 la n\u00f3mina de \u00e1rbitros locales ya que Augusto Ara\u00f1a aprob\u00f3 el examen del Curso Oficial de \u00c1rbitro Regional organizado durante el mes de febrero por la Federaci\u00f3n de Ajedrez de Olavarr\u00eda y certific\u00f3 su t\u00edtulo en el 53\u00b0 Torneo Abierto \u201cCiudad de Mar del Plata\u201d.<\/p>\n<p>&nbsp;<\/p>\n<p>Ara\u00f1a, quien aprob\u00f3 su examen con un puntaje de 100\/100, fiscaliz\u00f3 en los torneos I.R.T. Blitz &#8220;D\u00eda de la Memoria&#8221; y en el I.R.T. R\u00e1pido &#8220;Ciudad de Mar del Plata&#8221;, los cuales tuvieron lugar en paralelo al Abierto, y puso en pr\u00e1ctica los conocimientos previamente certificados bajo la supervisi\u00f3n del A.I. Leandro Plotinsky, quien actu\u00f3 como \u00c1rbitro Principal de la competencia.<\/p>\n","protected":false},"excerpt":{"rendered":"<p>D\u00edas atr\u00e1s finaliz\u00f3 el Campeonato Oficial de Tercera Categor\u00eda dando a conocer los cuatro ascensos que restaban luego de la<\/p>\n","protected":false},"author":96739694,"featured_media":160433,"comment_status":"closed","ping_status":"closed","sticky":false,"template":"","format":"standard","meta":{"_jetpack_memberships_contains_paid_content":false,"footnotes":""},"categories":[30,1],"tags":[],"class_list":["post-136510","post","type-post","status-publish","format-standard","has-post-thumbnail","hentry","category-polideportivo","category-portada"],"jetpack_featured_media_url":"https:\/\/i0.wp.com\/cdnoticias.com\/wp-content\/uploads\/2024\/04\/ajedrez.jpg?fit=800%2C445&ssl=1","jetpack_sharing_enabled":true,"_links":{"self":[{"href":"https:\/\/cdnoticias.com\/index.php\/wp-json\/wp\/v2\/posts\/136510","targetHints":{"allow":["GET"]}}],"collection":[{"href":"https:\/\/cdnoticias.com\/index.php\/wp-json\/wp\/v2\/posts"}],"about":[{"href":"https:\/\/cdnoticias.com\/index.php\/wp-json\/wp\/v2\/types\/post"}],"author":[{"embeddable":true,"href":"https:\/\/cdnoticias.com\/index.php\/wp-json\/wp\/v2\/users\/96739694"}],"replies":[{"embeddable":true,"href":"https:\/\/cdnoticias.com\/index.php\/wp-json\/wp\/v2\/comments?post=136510"}],"version-history":[{"count":0,"href":"https:\/\/cdnoticias.com\/index.php\/wp-json\/wp\/v2\/posts\/136510\/revisions"}],"wp:featuredmedia":[{"embeddable":true,"href":"https:\/\/cdnoticias.com\/index.php\/wp-json\/wp\/v2\/media\/160433"}],"wp:attachment":[{"href":"https:\/\/cdnoticias.com\/index.php\/wp-json\/wp\/v2\/media?parent=136510"}],"wp:term":[{"taxonomy":"category","embeddable":true,"href":"https:\/\/cdnoticias.com\/index.php\/wp-json\/wp\/v2\/categories?post=136510"},{"taxonomy":"post_tag","embeddable":true,"href":"https:\/\/cdnoticias.com\/index.php\/wp-json\/wp\/v2\/tags?post=136510"}],"curies":[{"name":"wp","href":"https:\/\/api.w.org\/{rel}","templated":true}]}}