{"id":136503,"date":"2024-04-07T15:07:22","date_gmt":"2024-04-07T18:07:22","guid":{"rendered":"https:\/\/centraldeportes.com.ar\/?p=49330"},"modified":"2025-02-13T17:02:47","modified_gmt":"2025-02-13T20:02:47","slug":"rotundo-exito-para-la-1-fecha-del-duatlon-cuatro-estaciones","status":"publish","type":"post","link":"https:\/\/cdnoticias.com\/index.php\/2024\/04\/07\/rotundo-exito-para-la-1-fecha-del-duatlon-cuatro-estaciones\/","title":{"rendered":"Rotundo \u00e9xito para la 1\u00b0 fecha del Duatl\u00f3n \u201cCuatro Estaciones\u201d"},"content":{"rendered":"<p>En la ma\u00f1ana del domingo y con un importante n\u00famero de deportistas dio comienzo el Circuito Olavarriense de duatl\u00f3n con la disputa de la Etapa Oto\u00f1o donde se consagraron Ramiro Cepeda y Eugenia Vigo.<!--more--><\/p>\n<hr \/>\n<p>Bajo la organizaci\u00f3n de Jorge Maldonado, Oscar Gonz\u00e1lez y Alejandro Dirgam se complet\u00f3 la 1\u00b0 fecha del duatl\u00f3n \u201cCuatro Estaciones\u201d que tuvo su primer encuentro en el paraje La Isla.<\/p>\n<p>&nbsp;<\/p>\n<p>La innovadora competencia olavarriense consisti\u00f3 en un recorrido de 4K pedestres, 30 de ciclismo y otros 4 a pie que contaron con m\u00e1s de 70 atletas completando el desaf\u00edo en el formato individual y m\u00e1s de un centenar lo hicieron en equipos.<\/p>\n<p>&nbsp;<\/p>\n<p>La 1\u00b0 fecha consagr\u00f3 a Ramiro Cepeda de Tandil en Caballeros, a la local Mar\u00eda Eugenia Vigo en Damas y a Juan Gundel y Luciano Sosa en postas que fueron los primeros en cruzar el globo de llegada en 1 hora y 14 minutos.<\/p>\n<p>&nbsp;<\/p>\n<p>[soliloquy id=&#8221;49332&#8243;]<\/p>\n<p>&nbsp;<\/p>\n<p>La continuidad del calendario ser\u00e1 el pr\u00f3ximo mes de junio con la \u201cEtapa Invierno\u201d en Sierras Bayas, pero tambi\u00e9n habr\u00e1 fechas en Hinojo y Colonia San Miguel para culminar con la primera edici\u00f3n del duatl\u00f3n olavarriense \u201cCuatro Estaciones\u201d.<\/p>\n<p>&nbsp;<\/p>\n<p>Los resultados:<\/p>\n<p>Individual:<br \/>\nCaballeros:<br \/>\n1\u00b0 Ramiro Cepeda (Tandil)<br \/>\n2\u00b0 Santiago D\u00edaz (Rauch)<br \/>\n3\u00b0 Diego Ortiz (Olavarr\u00eda)<br \/>\nDamas:<br \/>\n1\u00b0 Mar\u00eda Eugenia Vigo (Olavarr\u00eda)<br \/>\n2\u00b0 Marina N\u00fa\u00f1ez<br \/>\n3\u00b0 Ana Laura Orellano<\/p>\n<p>Equipos:<br \/>\nCaballeros:<br \/>\n1\u00b0 Juan Gundel y Luciano Sosa con 1:14<br \/>\nMixtos:<br \/>\n1\u00b0 Manuel Santos y Wendy Lardo<br \/>\nDamas:<br \/>\n1\u00b0<\/p>\n","protected":false},"excerpt":{"rendered":"<p>En la ma\u00f1ana del domingo y con un importante n\u00famero de deportistas dio comienzo el Circuito Olavarriense de duatl\u00f3n con<\/p>\n","protected":false},"author":96739694,"featured_media":160447,"comment_status":"closed","ping_status":"closed","sticky":false,"template":"","format":"standard","meta":{"_jetpack_memberships_contains_paid_content":false,"footnotes":""},"categories":[30,1],"tags":[],"class_list":["post-136503","post","type-post","status-publish","format-standard","has-post-thumbnail","hentry","category-polideportivo","category-portada"],"jetpack_featured_media_url":"https:\/\/i0.wp.com\/cdnoticias.com\/wp-content\/uploads\/2024\/04\/duatlon-16.jpg?fit=1280%2C853&ssl=1","jetpack_sharing_enabled":true,"_links":{"self":[{"href":"https:\/\/cdnoticias.com\/index.php\/wp-json\/wp\/v2\/posts\/136503","targetHints":{"allow":["GET"]}}],"collection":[{"href":"https:\/\/cdnoticias.com\/index.php\/wp-json\/wp\/v2\/posts"}],"about":[{"href":"https:\/\/cdnoticias.com\/index.php\/wp-json\/wp\/v2\/types\/post"}],"author":[{"embeddable":true,"href":"https:\/\/cdnoticias.com\/index.php\/wp-json\/wp\/v2\/users\/96739694"}],"replies":[{"embeddable":true,"href":"https:\/\/cdnoticias.com\/index.php\/wp-json\/wp\/v2\/comments?post=136503"}],"version-history":[{"count":0,"href":"https:\/\/cdnoticias.com\/index.php\/wp-json\/wp\/v2\/posts\/136503\/revisions"}],"wp:featuredmedia":[{"embeddable":true,"href":"https:\/\/cdnoticias.com\/index.php\/wp-json\/wp\/v2\/media\/160447"}],"wp:attachment":[{"href":"https:\/\/cdnoticias.com\/index.php\/wp-json\/wp\/v2\/media?parent=136503"}],"wp:term":[{"taxonomy":"category","embeddable":true,"href":"https:\/\/cdnoticias.com\/index.php\/wp-json\/wp\/v2\/categories?post=136503"},{"taxonomy":"post_tag","embeddable":true,"href":"https:\/\/cdnoticias.com\/index.php\/wp-json\/wp\/v2\/tags?post=136503"}],"curies":[{"name":"wp","href":"https:\/\/api.w.org\/{rel}","templated":true}]}}