{"id":136495,"date":"2024-04-06T13:22:51","date_gmt":"2024-04-06T16:22:51","guid":{"rendered":"https:\/\/centraldeportes.com.ar\/?p=49278"},"modified":"2025-02-13T17:03:04","modified_gmt":"2025-02-13T20:03:04","slug":"quimey-marin-es-baja-por-lesion-en-santamarina","status":"publish","type":"post","link":"https:\/\/cdnoticias.com\/index.php\/2024\/04\/06\/quimey-marin-es-baja-por-lesion-en-santamarina\/","title":{"rendered":"Quimey Mar\u00edn es baja por lesi\u00f3n en Santamarina"},"content":{"rendered":"<p>El delantero olavarriense estar\u00e1 varias semanas alejado de las canchas por un problema f\u00edsico en ambas rodillas.<!--more--><\/p>\n<hr \/>\n<p>El \u201cAurinegro\u201d tandilense sufri\u00f3 una baja sensible en pleno arranque del campeonato en el <strong>Torneo Federal A<\/strong>.<\/p>\n<p>&nbsp;<\/p>\n<p><strong>Quimey Mar\u00edn<\/strong>, quien estuvo presente en las primeras dos fechas contra Villa Mitre y Germinal,<strong> qued\u00f3 marginado de las canchas por lesi\u00f3n<\/strong>.<\/p>\n<p>&nbsp;<\/p>\n<p>El olavarriense padece de un<strong> edema \u00f3seo en ambos c\u00f3ndilos femorales de ambas rodillas<\/strong> y fue evaluado por un traumat\u00f3logo especialista en rodilla, quien asegur\u00f3 que <strong>tendr\u00e1 entre tres y cuatro semanas de recuperaci\u00f3n<\/strong>.<\/p>\n<p>&nbsp;<\/p>\n<p>Adem\u00e1s de la ausencia de Mar\u00edn, el conjunto dirigido por Gast\u00f3n Pern\u00eda perdi\u00f3 a <strong>Eli\u00e1n Tus<\/strong> (edema intersticial) y <strong>Agust\u00edn Sansoni<\/strong> (desgarro), quienes no estar\u00e1n presentes en el duelo del venidero domingo ante Sol de Mayo.<\/p>\n<p>&nbsp;<\/p>\n<p><em><strong>Foto: Prensa Santamarina (Archivo).\u00a0<\/strong><\/em><\/p>\n","protected":false},"excerpt":{"rendered":"<p>El delantero olavarriense estar\u00e1 varias semanas alejado de las canchas por un problema f\u00edsico en ambas rodillas.<\/p>\n","protected":false},"author":96739694,"featured_media":156032,"comment_status":"closed","ping_status":"closed","sticky":false,"template":"","format":"standard","meta":{"_jetpack_memberships_contains_paid_content":false,"footnotes":""},"categories":[37,1],"tags":[],"class_list":["post-136495","post","type-post","status-publish","format-standard","has-post-thumbnail","hentry","category-futbol-profesional","category-portada"],"jetpack_featured_media_url":"https:\/\/i0.wp.com\/cdnoticias.com\/wp-content\/uploads\/2023\/06\/Quimey-Mar%C3%ADn-Santamarina-16%C2%B0-fecha-Federal-A-e1712420510480.jpg?fit=1078%2C644&ssl=1","jetpack_sharing_enabled":true,"_links":{"self":[{"href":"https:\/\/cdnoticias.com\/index.php\/wp-json\/wp\/v2\/posts\/136495","targetHints":{"allow":["GET"]}}],"collection":[{"href":"https:\/\/cdnoticias.com\/index.php\/wp-json\/wp\/v2\/posts"}],"about":[{"href":"https:\/\/cdnoticias.com\/index.php\/wp-json\/wp\/v2\/types\/post"}],"author":[{"embeddable":true,"href":"https:\/\/cdnoticias.com\/index.php\/wp-json\/wp\/v2\/users\/96739694"}],"replies":[{"embeddable":true,"href":"https:\/\/cdnoticias.com\/index.php\/wp-json\/wp\/v2\/comments?post=136495"}],"version-history":[{"count":0,"href":"https:\/\/cdnoticias.com\/index.php\/wp-json\/wp\/v2\/posts\/136495\/revisions"}],"wp:featuredmedia":[{"embeddable":true,"href":"https:\/\/cdnoticias.com\/index.php\/wp-json\/wp\/v2\/media\/156032"}],"wp:attachment":[{"href":"https:\/\/cdnoticias.com\/index.php\/wp-json\/wp\/v2\/media?parent=136495"}],"wp:term":[{"taxonomy":"category","embeddable":true,"href":"https:\/\/cdnoticias.com\/index.php\/wp-json\/wp\/v2\/categories?post=136495"},{"taxonomy":"post_tag","embeddable":true,"href":"https:\/\/cdnoticias.com\/index.php\/wp-json\/wp\/v2\/tags?post=136495"}],"curies":[{"name":"wp","href":"https:\/\/api.w.org\/{rel}","templated":true}]}}