{"id":136492,"date":"2024-04-05T21:56:55","date_gmt":"2024-04-06T00:56:55","guid":{"rendered":"https:\/\/centraldeportes.com.ar\/?p=49263"},"modified":"2025-02-13T17:03:07","modified_gmt":"2025-02-13T20:03:07","slug":"federal-a-varias-presencias-locales-y-solo-festejo-uno","status":"publish","type":"post","link":"https:\/\/cdnoticias.com\/index.php\/2024\/04\/05\/federal-a-varias-presencias-locales-y-solo-festejo-uno\/","title":{"rendered":"Federal A: varias presencias locales y solo festej\u00f3 uno"},"content":{"rendered":"<p>San Juli\u00e1n, Troncoso, Osinaga, Mar\u00edn y Ferreira fueron los olavarrienses que participaron de la jornada y tuvieron minutos en la 2\u00b0 fecha del campeonato.<!--more--><\/p>\n<hr \/>\n<p>A lo largo del \u00faltimo fin de semana largo, el <strong>Torneo Federal A<\/strong> prosigui\u00f3 con la competencia oficial y disput\u00f3 \u00edntegramente la<strong> 2\u00b0 cita<\/strong> del certamen con qu\u00edntuple presencia de futbolistas de nuestra ciudad.<\/p>\n<p>&nbsp;<\/p>\n<p>El \u00fanico que festej\u00f3 en la jornada fue <strong>Diego San Juli\u00e1n<\/strong> con <strong>C\u00edrculo Deportivo<\/strong>. El ex Ferro fue titular y complet\u00f3 todo el partido que culmin\u00f3 en triunfo 2 a 0 del \u201cPapero\u201d sobre Sol de Mayo en Nicanor Otamendi.<\/p>\n<p>&nbsp;<\/p>\n<div class=\"tiled-gallery type-rectangular tiled-gallery-unresized\" data-original-width=\"800\" data-carousel-extra='null' itemscope itemtype=\"http:\/\/schema.org\/ImageGallery\" > <div class=\"gallery-row\" style=\"width: 800px; height: 447px;\" data-original-width=\"800\" data-original-height=\"447\" > <div class=\"gallery-group images-1\" style=\"width: 800px; height: 447px;\" data-original-width=\"800\" data-original-height=\"447\" > <div class=\"tiled-gallery-item tiled-gallery-item-large\" itemprop=\"associatedMedia\" itemscope itemtype=\"http:\/\/schema.org\/ImageObject\"> <a href=\"https:\/\/i0.wp.com\/cdnoticias.com\/wp-content\/uploads\/2022\/03\/HCD-matrella.jpg?ssl=1\" border=\"0\" itemprop=\"url\"> <meta itemprop=\"width\" content=\"796\"> <meta itemprop=\"height\" content=\"443\"> <img decoding=\"async\" class=\"\" data-attachment-id=\"49264\" data-orig-file=\"https:\/\/cdnoticias.com\/wp-content\/uploads\/2022\/03\/HCD-matrella.jpg\" data-orig-size=\"800,445\" data-comments-opened=\"\" data-image-meta=\"{&quot;aperture&quot;:&quot;5&quot;,&quot;credit&quot;:&quot;&quot;,&quot;camera&quot;:&quot;NIKON D3300&quot;,&quot;caption&quot;:&quot;&quot;,&quot;created_timestamp&quot;:&quot;1647516126&quot;,&quot;copyright&quot;:&quot;&quot;,&quot;focal_length&quot;:&quot;46&quot;,&quot;iso&quot;:&quot;400&quot;,&quot;shutter_speed&quot;:&quot;0.01&quot;,&quot;title&quot;:&quot;&quot;,&quot;orientation&quot;:&quot;1&quot;}\" data-image-title=\"HCD matrella\" data-image-description=\"\" data-medium-file=\"https:\/\/i0.wp.com\/cdnoticias.com\/wp-content\/uploads\/2022\/03\/HCD-matrella.jpg?fit=300%2C167&#038;ssl=1\" data-large-file=\"https:\/\/i0.wp.com\/cdnoticias.com\/wp-content\/uploads\/2022\/03\/HCD-matrella.jpg?fit=800%2C445&#038;ssl=1\" src=\"https:\/\/i0.wp.com\/cdnoticias.com\/wp-content\/uploads\/2022\/03\/HCD-matrella.jpg?w=796&#038;h=443&#038;ssl=1\" srcset=\"https:\/\/i0.wp.com\/cdnoticias.com\/wp-content\/uploads\/2022\/03\/HCD-matrella.jpg?w=800&amp;ssl=1 800w, https:\/\/i0.wp.com\/cdnoticias.com\/wp-content\/uploads\/2022\/03\/HCD-matrella.jpg?resize=300%2C167&amp;ssl=1 300w, https:\/\/i0.wp.com\/cdnoticias.com\/wp-content\/uploads\/2022\/03\/HCD-matrella.jpg?resize=768%2C427&amp;ssl=1 768w\" width=\"796\" height=\"443\" loading=\"lazy\" data-original-width=\"796\" data-original-height=\"443\" itemprop=\"http:\/\/schema.org\/image\" title=\"HCD matrella\" alt=\"HCD matrella\" style=\"width: 796px; height: 443px;\" \/> <\/a> <\/div> <\/div> <!-- close group --> <\/div> <!-- close row --> <\/div>\n<p>&nbsp;<\/p>\n<p>Bajo la misma zona, <strong>Olimpo de Bah\u00eda Blanca<\/strong> tuvo su debut oficial en la temporada y fue con empate 0 a 0 ante Cipolletti en el c\u00e9sped de \u201cLa Visera de Cemento\u201d. <strong>Agust\u00edn Osinaga<\/strong> form\u00f3 parte del once titular en el \u201cAurinegro\u201d y disput\u00f3 los 90\u2019, en tanto que <strong>Nadir Hadad<\/strong> no estuvo citado para el cruce.<\/p>\n<p>&nbsp;<\/p>\n<p>Tambi\u00e9n fue igualdad para <strong>Santamarina<\/strong> en su estreno como local. El \u201cSanta\u201d, con <strong>Quimey Mar\u00edn<\/strong> en el banco desde el arranque, reparti\u00f3 puntos con Germinal de Rawson tras empardar 1 a 1. Posteriormente, el ex El Fort\u00edn salt\u00f3 al campo de juego y tuvo sus minutos en reemplazo de Enzo Galabert.<\/p>\n<p>&nbsp;<\/p>\n<div class=\"tiled-gallery type-rectangular tiled-gallery-unresized\" data-original-width=\"800\" data-carousel-extra='null' itemscope itemtype=\"http:\/\/schema.org\/ImageGallery\" > <div class=\"gallery-row\" style=\"width: 800px; height: 447px;\" data-original-width=\"800\" data-original-height=\"447\" > <div class=\"gallery-group images-1\" style=\"width: 800px; height: 447px;\" data-original-width=\"800\" data-original-height=\"447\" > <div class=\"tiled-gallery-item tiled-gallery-item-large\" itemprop=\"associatedMedia\" itemscope itemtype=\"http:\/\/schema.org\/ImageObject\"> <a href=\"https:\/\/i0.wp.com\/cdnoticias.com\/wp-content\/uploads\/2022\/03\/HCD-salerno.jpg?ssl=1\" border=\"0\" itemprop=\"url\"> <meta itemprop=\"width\" content=\"796\"> <meta itemprop=\"height\" content=\"443\"> <img decoding=\"async\" class=\"\" data-attachment-id=\"49266\" data-orig-file=\"https:\/\/cdnoticias.com\/wp-content\/uploads\/2022\/03\/HCD-salerno.jpg\" data-orig-size=\"800,445\" data-comments-opened=\"\" data-image-meta=\"{&quot;aperture&quot;:&quot;5.6&quot;,&quot;credit&quot;:&quot;&quot;,&quot;camera&quot;:&quot;NIKON D3300&quot;,&quot;caption&quot;:&quot;&quot;,&quot;created_timestamp&quot;:&quot;1647423911&quot;,&quot;copyright&quot;:&quot;&quot;,&quot;focal_length&quot;:&quot;50&quot;,&quot;iso&quot;:&quot;400&quot;,&quot;shutter_speed&quot;:&quot;0.016666666666667&quot;,&quot;title&quot;:&quot;&quot;,&quot;orientation&quot;:&quot;1&quot;}\" data-image-title=\"HCD salerno\" data-image-description=\"\" data-medium-file=\"https:\/\/i0.wp.com\/cdnoticias.com\/wp-content\/uploads\/2022\/03\/HCD-salerno.jpg?fit=300%2C167&#038;ssl=1\" data-large-file=\"https:\/\/i0.wp.com\/cdnoticias.com\/wp-content\/uploads\/2022\/03\/HCD-salerno.jpg?fit=800%2C445&#038;ssl=1\" src=\"https:\/\/i0.wp.com\/cdnoticias.com\/wp-content\/uploads\/2022\/03\/HCD-salerno.jpg?w=796&#038;h=443&#038;ssl=1\" srcset=\"https:\/\/i0.wp.com\/cdnoticias.com\/wp-content\/uploads\/2022\/03\/HCD-salerno.jpg?w=800&amp;ssl=1 800w, https:\/\/i0.wp.com\/cdnoticias.com\/wp-content\/uploads\/2022\/03\/HCD-salerno.jpg?resize=300%2C167&amp;ssl=1 300w, https:\/\/i0.wp.com\/cdnoticias.com\/wp-content\/uploads\/2022\/03\/HCD-salerno.jpg?resize=768%2C427&amp;ssl=1 768w\" width=\"796\" height=\"443\" loading=\"lazy\" data-original-width=\"796\" data-original-height=\"443\" itemprop=\"http:\/\/schema.org\/image\" title=\"HCD salerno\" alt=\"HCD salerno\" style=\"width: 796px; height: 443px;\" \/> <\/a> <\/div> <\/div> <!-- close group --> <\/div> <!-- close row --> <\/div>\n<p>&nbsp;<\/p>\n<p>Por la Zona B, <strong>Ciudad de Bol\u00edvar<\/strong> rescat\u00f3 un punto en su visita a Monte Ma\u00edz luego de empatar 1 a 1 con Argentino. All\u00ed, <strong>Alfredo Troncoso<\/strong> fue de la partida y sali\u00f3 reemplazado a los 22\u2019 del segundo tiempo por Luciano V\u00e1zquez.<\/p>\n<p>&nbsp;<\/p>\n<p>A la par, el recientemente ascendido, <strong>Camioneros<\/strong>, volvi\u00f3 a caer y esta vez 1 a 0 ante Ferro de General Pico. El defensor olavarriense, <strong>Maximiliano Ferreira<\/strong>, fue titular en el \u201cAlbiverde\u201d y jug\u00f3 los 90\u2019 reglamentarios.<\/p>\n<p>&nbsp;<\/p>\n<div class=\"tiled-gallery type-rectangular tiled-gallery-unresized\" data-original-width=\"800\" data-carousel-extra='null' itemscope itemtype=\"http:\/\/schema.org\/ImageGallery\" > <div class=\"gallery-row\" style=\"width: 800px; height: 447px;\" data-original-width=\"800\" data-original-height=\"447\" > <div class=\"gallery-group images-1\" style=\"width: 800px; height: 447px;\" data-original-width=\"800\" data-original-height=\"447\" > <div class=\"tiled-gallery-item tiled-gallery-item-large\" itemprop=\"associatedMedia\" itemscope itemtype=\"http:\/\/schema.org\/ImageObject\"> <a href=\"https:\/\/i0.wp.com\/cdnoticias.com\/wp-content\/uploads\/2022\/03\/HCD-ubaldo-garcia.jpg?ssl=1\" border=\"0\" itemprop=\"url\"> <meta itemprop=\"width\" content=\"796\"> <meta itemprop=\"height\" content=\"443\"> <img decoding=\"async\" class=\"\" data-attachment-id=\"49267\" data-orig-file=\"https:\/\/cdnoticias.com\/wp-content\/uploads\/2022\/03\/HCD-ubaldo-garcia.jpg\" data-orig-size=\"800,445\" data-comments-opened=\"\" data-image-meta=\"{&quot;aperture&quot;:&quot;5&quot;,&quot;credit&quot;:&quot;&quot;,&quot;camera&quot;:&quot;NIKON D3300&quot;,&quot;caption&quot;:&quot;&quot;,&quot;created_timestamp&quot;:&quot;1647429121&quot;,&quot;copyright&quot;:&quot;&quot;,&quot;focal_length&quot;:&quot;38&quot;,&quot;iso&quot;:&quot;400&quot;,&quot;shutter_speed&quot;:&quot;0.01&quot;,&quot;title&quot;:&quot;&quot;,&quot;orientation&quot;:&quot;1&quot;}\" data-image-title=\"HCD ubaldo garcia\" data-image-description=\"\" data-medium-file=\"https:\/\/i0.wp.com\/cdnoticias.com\/wp-content\/uploads\/2022\/03\/HCD-ubaldo-garcia.jpg?fit=300%2C167&#038;ssl=1\" data-large-file=\"https:\/\/i0.wp.com\/cdnoticias.com\/wp-content\/uploads\/2022\/03\/HCD-ubaldo-garcia.jpg?fit=800%2C445&#038;ssl=1\" src=\"https:\/\/i0.wp.com\/cdnoticias.com\/wp-content\/uploads\/2022\/03\/HCD-ubaldo-garcia.jpg?w=796&#038;h=443&#038;ssl=1\" srcset=\"https:\/\/i0.wp.com\/cdnoticias.com\/wp-content\/uploads\/2022\/03\/HCD-ubaldo-garcia.jpg?w=800&amp;ssl=1 800w, https:\/\/i0.wp.com\/cdnoticias.com\/wp-content\/uploads\/2022\/03\/HCD-ubaldo-garcia.jpg?resize=300%2C167&amp;ssl=1 300w, https:\/\/i0.wp.com\/cdnoticias.com\/wp-content\/uploads\/2022\/03\/HCD-ubaldo-garcia.jpg?resize=768%2C427&amp;ssl=1 768w\" width=\"796\" height=\"443\" loading=\"lazy\" data-original-width=\"796\" data-original-height=\"443\" itemprop=\"http:\/\/schema.org\/image\" title=\"HCD ubaldo garcia\" alt=\"HCD ubaldo garcia\" style=\"width: 796px; height: 443px;\" \/> <\/a> <\/div> <\/div> <!-- close group --> <\/div> <!-- close row --> <\/div>\n<p>&nbsp;<\/p>\n<p>Este fin de semana, en el marco de la 3\u00b0 fecha del campeonato, C\u00edrculo Deportivo visitar\u00e1 en Mar del Plata a Kimberley, Santamarina har\u00e1 lo propio contra Sol de Mayo en Viedma y Olimpo recibir\u00e1 en el Roberto Carminatti a Deportivo Rinc\u00f3n. Adem\u00e1s, Ciudad de Bol\u00edvar ser\u00e1 local de Atl\u00e9tico San Mart\u00edn de Mendoza y Camioneros enfrentar\u00e1 a Juventud Unida de San Luis.<\/p>\n<p>&nbsp;<\/p>\n<p><em><strong>Foto: Mart\u00edn Angelini \/\/ Prensa C\u00edrculo Deportivo.<\/strong><\/em><\/p>\n","protected":false},"excerpt":{"rendered":"<p>San Juli\u00e1n, Troncoso, Osinaga, Mar\u00edn y Ferreira fueron los olavarrienses que participaron de la jornada y tuvieron minutos en la<\/p>\n","protected":false},"author":96739694,"featured_media":160473,"comment_status":"closed","ping_status":"closed","sticky":false,"template":"","format":"standard","meta":{"_jetpack_memberships_contains_paid_content":false,"footnotes":""},"categories":[37,1],"tags":[],"class_list":["post-136492","post","type-post","status-publish","format-standard","has-post-thumbnail","hentry","category-futbol-profesional","category-portada"],"jetpack_featured_media_url":"https:\/\/i0.wp.com\/cdnoticias.com\/wp-content\/uploads\/2024\/04\/San-Julian-Circulo-Deportivo-fecha-2-Federal-A-e1712364725395.jpeg?fit=1000%2C645&ssl=1","jetpack_sharing_enabled":true,"_links":{"self":[{"href":"https:\/\/cdnoticias.com\/index.php\/wp-json\/wp\/v2\/posts\/136492","targetHints":{"allow":["GET"]}}],"collection":[{"href":"https:\/\/cdnoticias.com\/index.php\/wp-json\/wp\/v2\/posts"}],"about":[{"href":"https:\/\/cdnoticias.com\/index.php\/wp-json\/wp\/v2\/types\/post"}],"author":[{"embeddable":true,"href":"https:\/\/cdnoticias.com\/index.php\/wp-json\/wp\/v2\/users\/96739694"}],"replies":[{"embeddable":true,"href":"https:\/\/cdnoticias.com\/index.php\/wp-json\/wp\/v2\/comments?post=136492"}],"version-history":[{"count":0,"href":"https:\/\/cdnoticias.com\/index.php\/wp-json\/wp\/v2\/posts\/136492\/revisions"}],"wp:featuredmedia":[{"embeddable":true,"href":"https:\/\/cdnoticias.com\/index.php\/wp-json\/wp\/v2\/media\/160473"}],"wp:attachment":[{"href":"https:\/\/cdnoticias.com\/index.php\/wp-json\/wp\/v2\/media?parent=136492"}],"wp:term":[{"taxonomy":"category","embeddable":true,"href":"https:\/\/cdnoticias.com\/index.php\/wp-json\/wp\/v2\/categories?post=136492"},{"taxonomy":"post_tag","embeddable":true,"href":"https:\/\/cdnoticias.com\/index.php\/wp-json\/wp\/v2\/tags?post=136492"}],"curies":[{"name":"wp","href":"https:\/\/api.w.org\/{rel}","templated":true}]}}