{"id":136490,"date":"2024-04-05T19:32:57","date_gmt":"2024-04-05T22:32:57","guid":{"rendered":"https:\/\/centraldeportes.com.ar\/?p=49254"},"modified":"2025-02-13T17:03:11","modified_gmt":"2025-02-13T20:03:11","slug":"regatas-llego-a-la-sexta-derrota-consecutiva-en-la-liga-nacional","status":"publish","type":"post","link":"https:\/\/cdnoticias.com\/index.php\/2024\/04\/05\/regatas-llego-a-la-sexta-derrota-consecutiva-en-la-liga-nacional\/","title":{"rendered":"Regatas lleg\u00f3 a la sexta derrota consecutiva en la Liga Nacional"},"content":{"rendered":"<p>La mala racha contin\u00faa para el Club de Regatas Corrientes que sigue sin poder levantar cabeza y acumul\u00f3 su sexta ca\u00edda en fila en la Liga Nacional.<!--more--><\/p>\n<hr \/>\n<p>Prosigui\u00f3 la 40\u00b0 edici\u00f3n de la m\u00e1xima categor\u00eda del b\u00e1squet argentino y en el Jos\u00e9 Jorge Contte, el \u201cFantasma\u201d cay\u00f3 74 a 72 ante La Uni\u00f3n que sue\u00f1a con la salvaci\u00f3n con una tremenda tapa de Efamb\u00e9 a falta de tres segundos del final.<\/p>\n<p>&nbsp;<\/p>\n<p>Regatas que no gana desde el 18 de febrero tuvo a Alejandro Diez completando 9:20 minutos con 5 puntos, 1 rebote y 1 asistencia.<\/p>\n","protected":false},"excerpt":{"rendered":"<p>La mala racha contin\u00faa para el Club de Regatas Corrientes que sigue sin poder levantar cabeza y acumul\u00f3 su sexta<\/p>\n","protected":false},"author":96739694,"featured_media":160483,"comment_status":"closed","ping_status":"closed","sticky":false,"template":"","format":"standard","meta":{"_jetpack_memberships_contains_paid_content":false,"footnotes":""},"categories":[31,36,1],"tags":[],"class_list":["post-136490","post","type-post","status-publish","format-standard","has-post-thumbnail","hentry","category-basquet","category-liga-nacional","category-portada"],"jetpack_featured_media_url":"https:\/\/i0.wp.com\/cdnoticias.com\/wp-content\/uploads\/2024\/04\/dsc_0084_gf.jpg?fit=1500%2C1000&ssl=1","jetpack_sharing_enabled":true,"_links":{"self":[{"href":"https:\/\/cdnoticias.com\/index.php\/wp-json\/wp\/v2\/posts\/136490","targetHints":{"allow":["GET"]}}],"collection":[{"href":"https:\/\/cdnoticias.com\/index.php\/wp-json\/wp\/v2\/posts"}],"about":[{"href":"https:\/\/cdnoticias.com\/index.php\/wp-json\/wp\/v2\/types\/post"}],"author":[{"embeddable":true,"href":"https:\/\/cdnoticias.com\/index.php\/wp-json\/wp\/v2\/users\/96739694"}],"replies":[{"embeddable":true,"href":"https:\/\/cdnoticias.com\/index.php\/wp-json\/wp\/v2\/comments?post=136490"}],"version-history":[{"count":0,"href":"https:\/\/cdnoticias.com\/index.php\/wp-json\/wp\/v2\/posts\/136490\/revisions"}],"wp:featuredmedia":[{"embeddable":true,"href":"https:\/\/cdnoticias.com\/index.php\/wp-json\/wp\/v2\/media\/160483"}],"wp:attachment":[{"href":"https:\/\/cdnoticias.com\/index.php\/wp-json\/wp\/v2\/media?parent=136490"}],"wp:term":[{"taxonomy":"category","embeddable":true,"href":"https:\/\/cdnoticias.com\/index.php\/wp-json\/wp\/v2\/categories?post=136490"},{"taxonomy":"post_tag","embeddable":true,"href":"https:\/\/cdnoticias.com\/index.php\/wp-json\/wp\/v2\/tags?post=136490"}],"curies":[{"name":"wp","href":"https:\/\/api.w.org\/{rel}","templated":true}]}}