{"id":136489,"date":"2024-04-05T14:33:47","date_gmt":"2024-04-05T17:33:47","guid":{"rendered":"https:\/\/centraldeportes.com.ar\/?p=49250"},"modified":"2025-02-13T16:57:06","modified_gmt":"2025-02-13T19:57:06","slug":"olavarria-fue-la-sede-regional-de-la-presentacion-de-los-juegos-bonaerenses","status":"publish","type":"post","link":"https:\/\/cdnoticias.com\/index.php\/2024\/04\/05\/olavarria-fue-la-sede-regional-de-la-presentacion-de-los-juegos-bonaerenses\/","title":{"rendered":"Olavarr\u00eda fue la sede regional de la presentaci\u00f3n de los Juegos Bonaerenses"},"content":{"rendered":"<p>En la tarde del \u00faltimo jueves el auditorio del Centro Cultural Municipal \u201cSan Jos\u00e9\u201d fue el punto de encuentro de representantes de m\u00e1s de 30 municipios del centro y sur de la provincia de Buenos Aires, quienes fueron convocados para conocer y dialogar acerca de la nueva modalidad de competencia que tendr\u00e1n los Juegos Bonaerenses, la tradicional cita del deporte y la cultura que ya tiene abierta la inscripci\u00f3n para su edici\u00f3n N\u00b0 33.<!--more--><\/p>\n<hr \/>\n<p>La actividad fue encabezada por el intendente municipal Maximiliano Wesner, quien fue el anfitri\u00f3n del encuentro junto al subsecretario de Deportes de la Provincia de Buenos Aires, Leandro Lurati y el subsecretario de Deportes del Municipio de Olavarr\u00eda, Juan Pablo Arouxet.<\/p>\n<p>&nbsp;<\/p>\n<p>La reuni\u00f3n se inici\u00f3 minutos despu\u00e9s de las 16 horas, con la participaci\u00f3n de subsecretarios\/as y directores\/as tanto de Deportes como de Cultura de Municipios que integran la sexta y la s\u00e9ptima secci\u00f3n electoral, como as\u00ed tambi\u00e9n de otros distritos de la regi\u00f3n centro sur de la Provincia.<\/p>\n<p>&nbsp;<\/p>\n<p>\u201cLa verdad que es algo que nos interesa much\u00edsimo, el deporte pero tambi\u00e9n la cultura, por eso bienvenidos a nuestro Centro Cultural San Jos\u00e9\u201d, destac\u00f3 el jefe comunal.<\/p>\n<p>&nbsp;<\/p>\n<p>Posteriormente, a\u00f1adi\u00f3 que el objetivo del encuentro fue no s\u00f3lo conocer c\u00f3mo ser\u00e1 la nueva modalidad de competencia, sino adem\u00e1s \u201cdiagramar la directriz de la nueva edici\u00f3n de los Juegos Bonaerenses y qu\u00e9 mejor para nosotros tenerlos ac\u00e1 en nuestro distrito, en el centro de la provincia de Buenos Aires, y poder compartir con todos ustedes y ser part\u00edcipes de esto. Venimos trabajando fuertemente con el gobernador para fortalecer esta pol\u00edtica p\u00fablica, para que se apropie cada ciudad de la provincia de Buenos Aires, cada club de la provincia de Buenos Aires\u201d.<\/p>\n<p>&nbsp;<\/p>\n<p>Por \u00faltimo, el intendente municipal aprovech\u00f3 la ocasi\u00f3n para plantear a todos los presentes que Olavarr\u00eda \u201cest\u00e1 a disposici\u00f3n, todas las instituciones deportivas, con sus presidentes he conversado y les he manifestado de esta reuni\u00f3n y lo que viene para adelante, por lo cual nos gustar\u00eda que Olavarr\u00eda sea parte de ese entramado que se va a formalizar despu\u00e9s de esta reuni\u00f3n y pueda ser sede de la instancia regional de este nuevo formato que va a tener en la Provincia. Para nosotros ser\u00e1n m\u00e1s que bienvenidos, porque estamos apostando y trabajando mucho con Juan Pablo en fortalecer a la instituci\u00f3n, en fortalecer los deportistas, fortalecer la iniciaci\u00f3n deportiva, pero tambi\u00e9n la competencia, as\u00ed que estamos a disposici\u00f3n de todos ustedes\u201d, concluy\u00f3.<\/p>\n<p>&nbsp;<\/p>\n\n<p>&nbsp;<\/p>\n<p>Leandro Lurati, por su parte, enfatiz\u00f3 que \u201cestamos presentando la nueva modalidad de juegos Bonaerenses, que es la pol\u00edtica p\u00fablica deportiva m\u00e1s importante del pa\u00eds. Estamos re contentos de poder sostenerla a pesar de la crisis general que est\u00e1 sufriendo la Argentina, con este corrimiento del Estado Nacional de los quehaceres de la vida p\u00fablica. Estamos s\u00faper agradecidos al intendente Maximiliano Wesner por prestar las instalaciones, hemos dividido la Provincia en cuatro para poder estar cerca de todos los distritos y no tener que hacerlos viajar a La Plata. Empezamos en Mar del Plata, despu\u00e9s estuvimos en Pilar, en San Pedro y hoy culminamos en Olavarr\u00eda\u201d.<\/p>\n<p>&nbsp;<\/p>\n<p>\u201cLa idea es poder tener una agenda de trabajo, explicar c\u00f3mo va a ser la modalidad de esta de esta pol\u00edtica p\u00fablica que tanto queremos. Entendemos desde la provincia de Buenos Aires y tambi\u00e9n desde Olavarr\u00eda que el deporte es una herramienta fundamental para la recreaci\u00f3n, para reencontrarnos como comunidad y de aprendizaje de muchas formas, as\u00ed que qu\u00e9 suerte que lo pudimos sostener a pesar de todo, que suerte que tenemos inversi\u00f3n p\u00fablica para que el Estado demuestre que esta pol\u00edtica p\u00fablica sirve\u201d, concluy\u00f3 el funcionario bonaerense.<\/p>\n","protected":false},"excerpt":{"rendered":"<p>En la tarde del \u00faltimo jueves el auditorio del Centro Cultural Municipal \u201cSan Jos\u00e9\u201d fue el punto de encuentro de<\/p>\n","protected":false},"author":96739694,"featured_media":160357,"comment_status":"closed","ping_status":"closed","sticky":false,"template":"","format":"standard","meta":{"_jetpack_memberships_contains_paid_content":false,"footnotes":""},"categories":[30,1],"tags":[],"class_list":["post-136489","post","type-post","status-publish","format-standard","has-post-thumbnail","hentry","category-polideportivo","category-portada"],"jetpack_featured_media_url":"https:\/\/i0.wp.com\/cdnoticias.com\/wp-content\/uploads\/2024\/04\/Deportes-Reunion-Bonaerenses-3.jpeg?fit=1600%2C1044&ssl=1","jetpack_sharing_enabled":true,"_links":{"self":[{"href":"https:\/\/cdnoticias.com\/index.php\/wp-json\/wp\/v2\/posts\/136489","targetHints":{"allow":["GET"]}}],"collection":[{"href":"https:\/\/cdnoticias.com\/index.php\/wp-json\/wp\/v2\/posts"}],"about":[{"href":"https:\/\/cdnoticias.com\/index.php\/wp-json\/wp\/v2\/types\/post"}],"author":[{"embeddable":true,"href":"https:\/\/cdnoticias.com\/index.php\/wp-json\/wp\/v2\/users\/96739694"}],"replies":[{"embeddable":true,"href":"https:\/\/cdnoticias.com\/index.php\/wp-json\/wp\/v2\/comments?post=136489"}],"version-history":[{"count":0,"href":"https:\/\/cdnoticias.com\/index.php\/wp-json\/wp\/v2\/posts\/136489\/revisions"}],"wp:featuredmedia":[{"embeddable":true,"href":"https:\/\/cdnoticias.com\/index.php\/wp-json\/wp\/v2\/media\/160357"}],"wp:attachment":[{"href":"https:\/\/cdnoticias.com\/index.php\/wp-json\/wp\/v2\/media?parent=136489"}],"wp:term":[{"taxonomy":"category","embeddable":true,"href":"https:\/\/cdnoticias.com\/index.php\/wp-json\/wp\/v2\/categories?post=136489"},{"taxonomy":"post_tag","embeddable":true,"href":"https:\/\/cdnoticias.com\/index.php\/wp-json\/wp\/v2\/tags?post=136489"}],"curies":[{"name":"wp","href":"https:\/\/api.w.org\/{rel}","templated":true}]}}