{"id":136474,"date":"2024-04-02T12:57:22","date_gmt":"2024-04-02T15:57:22","guid":{"rendered":"https:\/\/centraldeportes.com.ar\/?p=49130"},"modified":"2025-02-13T16:57:47","modified_gmt":"2025-02-13T19:57:47","slug":"jornada-sin-triunfos-para-los-olavarrienses-en-la-primera-nacional","status":"publish","type":"post","link":"https:\/\/cdnoticias.com\/index.php\/2024\/04\/02\/jornada-sin-triunfos-para-los-olavarrienses-en-la-primera-nacional\/","title":{"rendered":"Jornada sin triunfos para los olavarrienses en la Primera Nacional"},"content":{"rendered":"\n<div class=\"wp-block-group is-layout-constrained wp-block-group-is-layout-constrained\">\n<p>El segundo escal\u00f3n del f\u00fatbol argentino jug\u00f3 \u00edntegramente la 9\u00b0 fecha del campeonato que tuvo a todos los futbolistas locales, pero ninguno logr\u00f3 sumar de a tres con sus equipos.<!--more--><\/p>\n<hr \/>\n<p>Jugada la<strong> 9\u00b0 cita<\/strong> del campeonato durante el transcurso del fin de semana largo, la Zona A contin\u00faa siendo liderada por Quilmes, mientras que en la Zona B se prendi\u00f3 San Telmo, que es l\u00edder junto con Col\u00f3n luego de vencer a <strong>Defensores de Belgrano<\/strong>.<\/p>\n<p>\u00a0<\/p>\n<p>La cita tuvo lugar en el Juan Pasquale y fue victoria para el \u201cCandombero\u201d 1 a 0 con gol de Jos\u00e9 Barreto a los 13\u2019 del primer tiempo. <strong>Ignacio Pietrbono<\/strong> fue el arquero titular del \u201cDefe\u201d, que no se pudo recuperar y sum\u00f3 su segunda ca\u00edda al hilo en el torneo.<\/p>\n<p>\u00a0<\/p>\n\n<p>\u00a0<\/p>\n<p>En Floresta,<strong> San Miguel<\/strong> no se sac\u00f3 diferencias con All Boys y terminaron igualando 0 a 0 en el c\u00e9sped del Islas Malvinas. El volante central olavarriense, <strong>Carlos Battigelli<\/strong>, fue nuevamente titular en el \u201cTrueno Verde\u201d y sali\u00f3 reemplazado a los 65\u2019 por Mat\u00edas Ben\u00edtez.<\/p>\n<p>\u00a0<\/p>\n<p><strong>El \u201cSabalero\u201d<\/strong> de <strong>Braian Guille<\/strong> tampoco pudo festejar en esta fecha y dej\u00f3 el invicto en Mendoza. El conjunto santafesino no pudo con Gimnasia en el Estadio V\u00edctor Legrotaglie, cay\u00f3 2 a 0 y perdi\u00f3 la chance de continuar como \u00fanico puntero de la Zona B. El ex Olimpo, ya recuperado de su lesi\u00f3n muscular, comenz\u00f3 el partido entre los suplentes e ingres\u00f3 en el entretiempo por Federico Jourdan.<\/p>\n<p>\u00a0<\/p>\n<p><\/p>\n<figure class=\"wp-block-image\"><img data-recalc-dims=\"1\" decoding=\"async\" class=\"wp-image-49131 aligncenter\" src=\"https:\/\/i0.wp.com\/cdnoticias.com\/wp-content\/uploads\/2024\/04\/Guille-Colon-Primera-Nacional-Fecha-9-e1712073285862.jpg?w=800&#038;ssl=1\" alt=\"\" \/>\n<figcaption class=\"wp-element-caption\">Cr\u00e9dito: Col\u00f3n Oficial<\/figcaption>\n<\/figure>\n<p>\u00a0<\/p>\n<p>Derrota fue tambi\u00e9n para <strong>Mitre<\/strong> de Santiago Del Estero, que perdi\u00f3 1 a 0 con Aldosivi en condici\u00f3n de local y acumul\u00f3 su sexto partido sin conocer la victoria. El defensor olavarriense, <strong>Facundo Wiechniak<\/strong>, integr\u00f3 la n\u00f3mina de variantes, pero no ingres\u00f3.<\/p>\n<p>\u00a0<\/p>\n<p>La pr\u00f3xima fecha, cruzar\u00e1 a San Miguel \u2013 Trist\u00e1n Su\u00e1rez, Col\u00f3n \u2013 Nueva Chicago, Mitre jugar\u00e1 el cl\u00e1sico contra G\u00fcemes y Defensores de Belgrano ser\u00e1 visitante de Atl\u00e9tico Rafaela.<\/p>\n<p>\u00a0<\/p>\n<p><em><strong>Foto: Prensa All Boys.<\/strong><\/em><\/p>\n<\/div>\n","protected":false},"excerpt":{"rendered":"<p>El segundo escal\u00f3n del f\u00fatbol argentino jug\u00f3 \u00edntegramente la 9\u00b0 fecha del campeonato que tuvo a todos los futbolistas locales,<\/p>\n","protected":false},"author":96739694,"featured_media":140883,"comment_status":"closed","ping_status":"closed","sticky":false,"template":"","format":"standard","meta":{"_jetpack_memberships_contains_paid_content":false,"footnotes":""},"categories":[37,1],"tags":[],"class_list":["post-136474","post","type-post","status-publish","format-standard","has-post-thumbnail","hentry","category-futbol-profesional","category-portada"],"jetpack_featured_media_url":"https:\/\/i0.wp.com\/cdnoticias.com\/wp-content\/uploads\/2024\/04\/Battigelli-San-Miguel-Primera-Nacional-Fecha-9.jpg?fit=934%2C586&ssl=1","jetpack_sharing_enabled":true,"_links":{"self":[{"href":"https:\/\/cdnoticias.com\/index.php\/wp-json\/wp\/v2\/posts\/136474","targetHints":{"allow":["GET"]}}],"collection":[{"href":"https:\/\/cdnoticias.com\/index.php\/wp-json\/wp\/v2\/posts"}],"about":[{"href":"https:\/\/cdnoticias.com\/index.php\/wp-json\/wp\/v2\/types\/post"}],"author":[{"embeddable":true,"href":"https:\/\/cdnoticias.com\/index.php\/wp-json\/wp\/v2\/users\/96739694"}],"replies":[{"embeddable":true,"href":"https:\/\/cdnoticias.com\/index.php\/wp-json\/wp\/v2\/comments?post=136474"}],"version-history":[{"count":0,"href":"https:\/\/cdnoticias.com\/index.php\/wp-json\/wp\/v2\/posts\/136474\/revisions"}],"wp:featuredmedia":[{"embeddable":true,"href":"https:\/\/cdnoticias.com\/index.php\/wp-json\/wp\/v2\/media\/140883"}],"wp:attachment":[{"href":"https:\/\/cdnoticias.com\/index.php\/wp-json\/wp\/v2\/media?parent=136474"}],"wp:term":[{"taxonomy":"category","embeddable":true,"href":"https:\/\/cdnoticias.com\/index.php\/wp-json\/wp\/v2\/categories?post=136474"},{"taxonomy":"post_tag","embeddable":true,"href":"https:\/\/cdnoticias.com\/index.php\/wp-json\/wp\/v2\/tags?post=136474"}],"curies":[{"name":"wp","href":"https:\/\/api.w.org\/{rel}","templated":true}]}}