{"id":136470,"date":"2024-04-01T19:18:46","date_gmt":"2024-04-01T22:18:46","guid":{"rendered":"https:\/\/centraldeportes.com.ar\/?p=49115"},"modified":"2025-02-13T16:58:00","modified_gmt":"2025-02-13T19:58:00","slug":"clemente-y-cardillo-con-gol-incluido-marcaron-las-presencias-locales-en-reserva-de-afa","status":"publish","type":"post","link":"https:\/\/cdnoticias.com\/index.php\/2024\/04\/01\/clemente-y-cardillo-con-gol-incluido-marcaron-las-presencias-locales-en-reserva-de-afa\/","title":{"rendered":"Clemente y Cardillo, con gol incluido, marcaron las presencias locales en Reserva de AFA"},"content":{"rendered":"<p>La 6\u00b0 fecha de la Copa Proyecci\u00f3n solo tuvo doble presencia olavarriense a lo largo de la jornada. Belgrano y Lan\u00fas, son los \u00fanicos punteros de las Zonas 1 y 2 respectivamente.<!--more--><\/p>\n<hr \/>\n<p>Entre martes y jueves pasado, la <strong>categor\u00eda antesala<\/strong> a la Primera Divisi\u00f3n del f\u00fatbol argentino celebr\u00f3 la <strong>6\u00b0 fecha de la Copa Proyecci\u00f3n<\/strong>, que solo tuvo la participaci\u00f3n de dos futbolistas de nuestra ciudad.<\/p>\n<p>&nbsp;<\/p>\n<p>Por un lado, en el Monumental Jos\u00e9 Fierro, <strong>San Lorenzo<\/strong> igual\u00f3 1 a 1 con Atl\u00e9tico Tucum\u00e1n, que lo empat\u00f3 sobre el final, y fue con la presencia titular de <strong>Mateo Celemente<\/strong> bajo los tres palos del \u201cCicl\u00f3n\u201d, que se ubica s\u00e9ptimo en la Zona 1 a\u00fan en puestos de clasificaci\u00f3n.<\/p>\n<p>&nbsp;<\/p>\n<div class=\"tiled-gallery type-rectangular tiled-gallery-unresized\" data-original-width=\"800\" data-carousel-extra='null' itemscope itemtype=\"http:\/\/schema.org\/ImageGallery\" > <div class=\"gallery-row\" style=\"width: 800px; height: 447px;\" data-original-width=\"800\" data-original-height=\"447\" > <div class=\"gallery-group images-1\" style=\"width: 800px; height: 447px;\" data-original-width=\"800\" data-original-height=\"447\" > <div class=\"tiled-gallery-item tiled-gallery-item-large\" itemprop=\"associatedMedia\" itemscope itemtype=\"http:\/\/schema.org\/ImageObject\"> <a href=\"https:\/\/i0.wp.com\/cdnoticias.com\/wp-content\/uploads\/2022\/03\/ruta226-pasto.jpg?ssl=1\" border=\"0\" itemprop=\"url\"> <meta itemprop=\"width\" content=\"796\"> <meta itemprop=\"height\" content=\"443\"> <img decoding=\"async\" class=\"\" data-attachment-id=\"49117\" data-orig-file=\"https:\/\/cdnoticias.com\/wp-content\/uploads\/2022\/03\/ruta226-pasto.jpg\" data-orig-size=\"800,445\" data-comments-opened=\"\" data-image-meta=\"{&quot;aperture&quot;:&quot;0&quot;,&quot;credit&quot;:&quot;&quot;,&quot;camera&quot;:&quot;&quot;,&quot;caption&quot;:&quot;&quot;,&quot;created_timestamp&quot;:&quot;0&quot;,&quot;copyright&quot;:&quot;&quot;,&quot;focal_length&quot;:&quot;0&quot;,&quot;iso&quot;:&quot;0&quot;,&quot;shutter_speed&quot;:&quot;0&quot;,&quot;title&quot;:&quot;&quot;,&quot;orientation&quot;:&quot;1&quot;}\" data-image-title=\"ruta226 pasto\" data-image-description=\"\" data-medium-file=\"https:\/\/i0.wp.com\/cdnoticias.com\/wp-content\/uploads\/2022\/03\/ruta226-pasto.jpg?fit=300%2C167&#038;ssl=1\" data-large-file=\"https:\/\/i0.wp.com\/cdnoticias.com\/wp-content\/uploads\/2022\/03\/ruta226-pasto.jpg?fit=800%2C445&#038;ssl=1\" src=\"https:\/\/i0.wp.com\/cdnoticias.com\/wp-content\/uploads\/2022\/03\/ruta226-pasto.jpg?w=796&#038;h=443&#038;ssl=1\" srcset=\"https:\/\/i0.wp.com\/cdnoticias.com\/wp-content\/uploads\/2022\/03\/ruta226-pasto.jpg?w=800&amp;ssl=1 800w, https:\/\/i0.wp.com\/cdnoticias.com\/wp-content\/uploads\/2022\/03\/ruta226-pasto.jpg?resize=300%2C167&amp;ssl=1 300w, https:\/\/i0.wp.com\/cdnoticias.com\/wp-content\/uploads\/2022\/03\/ruta226-pasto.jpg?resize=768%2C427&amp;ssl=1 768w\" width=\"796\" height=\"443\" loading=\"lazy\" data-original-width=\"796\" data-original-height=\"443\" itemprop=\"http:\/\/schema.org\/image\" title=\"ruta226 pasto\" alt=\"ruta226 pasto\" style=\"width: 796px; height: 443px;\" \/> <\/a> <\/div> <\/div> <!-- close group --> <\/div> <!-- close row --> <\/div>\n<p>&nbsp;<\/p>\n<p>Posteriormente, en el Predio Jorge Griffa de Rosario, <strong>Lan\u00fas<\/strong> consigui\u00f3 un importante triunfo de visitante y es \u00fanico puntero de la Zona 2 con 15 unidades.<\/p>\n<p>&nbsp;<\/p>\n<p>Con aporte goleador de <strong>Mauricio Cardillo<\/strong>, quien comenz\u00f3 el duelo de titular, el \u201cGranate\u201d derrot\u00f3 3 a 1 a la \u201cLepra\u201d. A los 21\u2019, el volante olavarriense abri\u00f3 la cuenta y luego, Vald\u00e9z Chamorro y Thiago Laplace sentenciaron el triunfo definitivo para Lan\u00fas.<\/p>\n<p>&nbsp;<\/p>\n<p>La pr\u00f3xima fecha, la categor\u00eda afrontar\u00e1 la fecha de los cl\u00e1sicos. Este martes, San Lorenzo ser\u00e1 local de Hurac\u00e1n, mientras que el \u201cGrana\u201d har\u00e1 lo propio ante Banfield.<\/p>\n<p>&nbsp;<\/p>\n<p><em><strong>Foto: Club Lan\u00fas Oficial.<\/strong><\/em><\/p>\n","protected":false},"excerpt":{"rendered":"<p>La 6\u00b0 fecha de la Copa Proyecci\u00f3n solo tuvo doble presencia olavarriense a lo largo de la jornada. Belgrano y<\/p>\n","protected":false},"author":96739694,"featured_media":140877,"comment_status":"closed","ping_status":"closed","sticky":false,"template":"","format":"standard","meta":{"_jetpack_memberships_contains_paid_content":false,"footnotes":""},"categories":[37,1],"tags":[],"class_list":["post-136470","post","type-post","status-publish","format-standard","has-post-thumbnail","hentry","category-futbol-profesional","category-portada"],"jetpack_featured_media_url":"https:\/\/i0.wp.com\/cdnoticias.com\/wp-content\/uploads\/2024\/04\/Cardillo-Reserva-AFA-fecha-6-Copa-Proyeccion.jpg?fit=1000%2C666&ssl=1","jetpack_sharing_enabled":true,"_links":{"self":[{"href":"https:\/\/cdnoticias.com\/index.php\/wp-json\/wp\/v2\/posts\/136470","targetHints":{"allow":["GET"]}}],"collection":[{"href":"https:\/\/cdnoticias.com\/index.php\/wp-json\/wp\/v2\/posts"}],"about":[{"href":"https:\/\/cdnoticias.com\/index.php\/wp-json\/wp\/v2\/types\/post"}],"author":[{"embeddable":true,"href":"https:\/\/cdnoticias.com\/index.php\/wp-json\/wp\/v2\/users\/96739694"}],"replies":[{"embeddable":true,"href":"https:\/\/cdnoticias.com\/index.php\/wp-json\/wp\/v2\/comments?post=136470"}],"version-history":[{"count":0,"href":"https:\/\/cdnoticias.com\/index.php\/wp-json\/wp\/v2\/posts\/136470\/revisions"}],"wp:featuredmedia":[{"embeddable":true,"href":"https:\/\/cdnoticias.com\/index.php\/wp-json\/wp\/v2\/media\/140877"}],"wp:attachment":[{"href":"https:\/\/cdnoticias.com\/index.php\/wp-json\/wp\/v2\/media?parent=136470"}],"wp:term":[{"taxonomy":"category","embeddable":true,"href":"https:\/\/cdnoticias.com\/index.php\/wp-json\/wp\/v2\/categories?post=136470"},{"taxonomy":"post_tag","embeddable":true,"href":"https:\/\/cdnoticias.com\/index.php\/wp-json\/wp\/v2\/tags?post=136470"}],"curies":[{"name":"wp","href":"https:\/\/api.w.org\/{rel}","templated":true}]}}