{"id":136469,"date":"2024-04-01T19:26:06","date_gmt":"2024-04-01T22:26:06","guid":{"rendered":"https:\/\/centraldeportes.com.ar\/?p=49104"},"modified":"2025-02-13T16:57:50","modified_gmt":"2025-02-13T19:57:50","slug":"fin-de-la-temporada-para-lula-juarez-en-instituto","status":"publish","type":"post","link":"https:\/\/cdnoticias.com\/index.php\/2024\/04\/01\/fin-de-la-temporada-para-lula-juarez-en-instituto\/","title":{"rendered":"Fin de la temporada para \u201cLula\u201d Ju\u00e1rez en Instituto"},"content":{"rendered":"\n<div class=\"wp-block-group is-layout-constrained wp-block-group-is-layout-constrained\">\n<p>En la noche del s\u00e1bado y en el \u00faltimo partido de la Etapa Regular, Instituto recibi\u00f3 a Ameghino en duelo de equipos cordobeses y fue con derrota para terminar su participaci\u00f3n.<!--more--><\/p>\n<hr \/>\n<p><strong>Las \u201cGloriosas\u201d cayeron 85-67 ante Ameghino<\/strong> <strong>en el \u00c1ngel Sandrin y terminaron su temporada con 7 victorias y 13 derrotas sobre 20 presentaciones<\/strong>. Fueron 8\u00b0.<\/p>\n<p>\u00a0<\/p>\n<p>En la primera etapa se destac\u00f3 la participaci\u00f3n de Candela Foresto en la Gloria con un aporte de 10 puntos, en tanto que Nija Collier lider\u00f3 a las de Villa Mar\u00eda convirtiendo 18 unidades. De esta manera Ameghino se fue al descanso arriba por 46-29.<\/p>\n<p>\u00a0<\/p>\n<p>En el complemento las dirigidas por Federico Moyano se acercaron en el marcador mediante los embates de <strong>Luc\u00eda Ju\u00e1rez<\/strong> y Gisele Botta pero no alcanz\u00f3: Ameghino estir\u00f3 la diferencia con la participaci\u00f3n de Sof\u00eda Wolf y la visita consum\u00f3 un triunfo s\u00f3lido en la noche de Alta C\u00f3rdoba.<\/p>\n<p>\u00a0<\/p>\n<p><strong>La base olavarriense de la \u201cGloria\u201d termin\u00f3 el partido con 14 puntos en 28:51 minutos en cancha y adem\u00e1s tom\u00f3 5 rebotes<\/strong>.<\/p>\n<p>\u00a0<\/p>\n<p><em><strong>Foto: Instituto Atl\u00e9tico Central C\u00f3rdoba.<\/strong><\/em><\/p>\n<\/div>\n","protected":false},"excerpt":{"rendered":"<p>En la noche del s\u00e1bado y en el \u00faltimo partido de la Etapa Regular, Instituto recibi\u00f3 a Ameghino en duelo<\/p>\n","protected":false},"author":96739694,"featured_media":160406,"comment_status":"closed","ping_status":"closed","sticky":false,"template":"","format":"standard","meta":{"_jetpack_memberships_contains_paid_content":false,"footnotes":""},"categories":[31,58,1],"tags":[],"class_list":["post-136469","post","type-post","status-publish","format-standard","has-post-thumbnail","hentry","category-basquet","category-femenino-basquet","category-portada"],"jetpack_featured_media_url":"https:\/\/i0.wp.com\/cdnoticias.com\/wp-content\/uploads\/2024\/04\/dsc_5848_ge-scaled.jpg?fit=2560%2C1707&ssl=1","jetpack_sharing_enabled":true,"_links":{"self":[{"href":"https:\/\/cdnoticias.com\/index.php\/wp-json\/wp\/v2\/posts\/136469","targetHints":{"allow":["GET"]}}],"collection":[{"href":"https:\/\/cdnoticias.com\/index.php\/wp-json\/wp\/v2\/posts"}],"about":[{"href":"https:\/\/cdnoticias.com\/index.php\/wp-json\/wp\/v2\/types\/post"}],"author":[{"embeddable":true,"href":"https:\/\/cdnoticias.com\/index.php\/wp-json\/wp\/v2\/users\/96739694"}],"replies":[{"embeddable":true,"href":"https:\/\/cdnoticias.com\/index.php\/wp-json\/wp\/v2\/comments?post=136469"}],"version-history":[{"count":0,"href":"https:\/\/cdnoticias.com\/index.php\/wp-json\/wp\/v2\/posts\/136469\/revisions"}],"wp:featuredmedia":[{"embeddable":true,"href":"https:\/\/cdnoticias.com\/index.php\/wp-json\/wp\/v2\/media\/160406"}],"wp:attachment":[{"href":"https:\/\/cdnoticias.com\/index.php\/wp-json\/wp\/v2\/media?parent=136469"}],"wp:term":[{"taxonomy":"category","embeddable":true,"href":"https:\/\/cdnoticias.com\/index.php\/wp-json\/wp\/v2\/categories?post=136469"},{"taxonomy":"post_tag","embeddable":true,"href":"https:\/\/cdnoticias.com\/index.php\/wp-json\/wp\/v2\/tags?post=136469"}],"curies":[{"name":"wp","href":"https:\/\/api.w.org\/{rel}","templated":true}]}}