{"id":136451,"date":"2024-03-29T18:00:55","date_gmt":"2024-03-29T21:00:55","guid":{"rendered":"https:\/\/centraldeportes.com.ar\/?p=48988"},"modified":"2025-02-13T16:55:06","modified_gmt":"2025-02-13T19:55:06","slug":"el-programa-municipal-talentos-en-el-agua-tuvo-su-selectivo","status":"publish","type":"post","link":"https:\/\/cdnoticias.com\/index.php\/2024\/03\/29\/el-programa-municipal-talentos-en-el-agua-tuvo-su-selectivo\/","title":{"rendered":"El Programa Municipal \u201cTalentos en el Agua\u201d tuvo su selectivo"},"content":{"rendered":"<p>El pasado s\u00e1bado en la pileta climatizada del Club Ferro se llev\u00f3 a cabo una nueva instancia del selectivo del Programa Municipal Talentos en el Agua.<!--more--><\/p>\n<hr \/>\n<p>El programa impulsado por la Subsecretar\u00eda de Deportes que tiene como objetivo acompa\u00f1ar el desarrollo y la formaci\u00f3n de j\u00f3venes nadadores para que puedan seguir practicando esa disciplina en natatorios locales tuvo su definitiva instancia de selecci\u00f3n.<\/p>\n<p>&nbsp;<\/p>\n<p>De la actividad tomaron parte alrededor de un centenar de nadadores y nadadoras de las categor\u00edas preinfantiles, infantiles, menores y cadetes. Se trata de chicos y chicas que durante el verano participaron de los distintos encuentros que se desarrollaron en el pilet\u00f3n del Bioparque Municipal La M\u00e1xima, organizados tambi\u00e9n desde la Direcci\u00f3n de Deporte Social del Municipio.<\/p>\n<p>&nbsp;<\/p>\n<p>En la segunda y \u00faltima etapa de selecci\u00f3n llegaron los deportistas que gracias a su destacada participaci\u00f3n fueron elegidos por el staff docente y en esta \u00faltima instancia se definir\u00e1 qui\u00e9nes \u00a0acceder\u00e1n a una beca que les permitir\u00e1 continuar desarroll\u00e1ndose en este deporte.<\/p>\n<p>&nbsp;<\/p>\n<p>El pasado s\u00e1bado las pruebas se iniciaron a partir de las 9 horas, con la coordinaci\u00f3n tanto de profesores tanto del \u00e1mbito municipal como de los natatorios de Ferro y Estudiantes, que ser\u00e1n los clubes donde se efectivizar\u00e1n las becas.<\/p>\n<p>&nbsp;<\/p>\n<p>Participaron nadadores de colonias de verano de clubes e instituciones de todo el Partido, como as\u00ed tambi\u00e9n chicos y chicas de distintos barrios y establecimientos educativos que son parte del Programa Escuelas Abiertas de Verano.<\/p>\n<p>&nbsp;<\/p>\n","protected":false},"excerpt":{"rendered":"<p>El pasado s\u00e1bado en la pileta climatizada del Club Ferro se llev\u00f3 a cabo una nueva instancia del selectivo del<\/p>\n","protected":false},"author":96739694,"featured_media":160330,"comment_status":"closed","ping_status":"closed","sticky":false,"template":"","format":"standard","meta":{"_jetpack_memberships_contains_paid_content":false,"footnotes":""},"categories":[30,1],"tags":[],"class_list":["post-136451","post","type-post","status-publish","format-standard","has-post-thumbnail","hentry","category-polideportivo","category-portada"],"jetpack_featured_media_url":"https:\/\/i0.wp.com\/cdnoticias.com\/wp-content\/uploads\/2024\/03\/DSC_1427-scaled-1.jpg?fit=2560%2C1707&ssl=1","jetpack_sharing_enabled":true,"_links":{"self":[{"href":"https:\/\/cdnoticias.com\/index.php\/wp-json\/wp\/v2\/posts\/136451","targetHints":{"allow":["GET"]}}],"collection":[{"href":"https:\/\/cdnoticias.com\/index.php\/wp-json\/wp\/v2\/posts"}],"about":[{"href":"https:\/\/cdnoticias.com\/index.php\/wp-json\/wp\/v2\/types\/post"}],"author":[{"embeddable":true,"href":"https:\/\/cdnoticias.com\/index.php\/wp-json\/wp\/v2\/users\/96739694"}],"replies":[{"embeddable":true,"href":"https:\/\/cdnoticias.com\/index.php\/wp-json\/wp\/v2\/comments?post=136451"}],"version-history":[{"count":0,"href":"https:\/\/cdnoticias.com\/index.php\/wp-json\/wp\/v2\/posts\/136451\/revisions"}],"wp:featuredmedia":[{"embeddable":true,"href":"https:\/\/cdnoticias.com\/index.php\/wp-json\/wp\/v2\/media\/160330"}],"wp:attachment":[{"href":"https:\/\/cdnoticias.com\/index.php\/wp-json\/wp\/v2\/media?parent=136451"}],"wp:term":[{"taxonomy":"category","embeddable":true,"href":"https:\/\/cdnoticias.com\/index.php\/wp-json\/wp\/v2\/categories?post=136451"},{"taxonomy":"post_tag","embeddable":true,"href":"https:\/\/cdnoticias.com\/index.php\/wp-json\/wp\/v2\/tags?post=136451"}],"curies":[{"name":"wp","href":"https:\/\/api.w.org\/{rel}","templated":true}]}}