{"id":136447,"date":"2024-03-29T11:32:33","date_gmt":"2024-03-29T14:32:33","guid":{"rendered":"https:\/\/centraldeportes.com.ar\/?p=48963"},"modified":"2025-02-13T16:55:16","modified_gmt":"2025-02-13T19:55:16","slug":"primera-nacional-los-cuatro-olavarrienses-presentes-por-primera-vez","status":"publish","type":"post","link":"https:\/\/cdnoticias.com\/index.php\/2024\/03\/29\/primera-nacional-los-cuatro-olavarrienses-presentes-por-primera-vez\/","title":{"rendered":"Primera Nacional: los cuatro olavarrienses presentes, por primera vez"},"content":{"rendered":"<p>La 8\u00b0 fecha de la apasionante categor\u00eda de ascenso cont\u00f3 con las convocatorias de Guille, Wiechniak y Battigelli mas Pietrobono, ambos titulares.<!--more--><\/p>\n<hr \/>\n<p>La<strong> Primera Nacional<\/strong> del f\u00fatbol argentino, que tiene como \u00fanicos punteros a Quilmes en la Zona A y Col\u00f3n en la Zona B, finaliz\u00f3 el pasado lunes la <strong>8\u00b0 jornada del campeonato que tuvo, por primera vez, la presencia de los cuatro futbolistas locales que militan en la categor\u00eda<\/strong>.<\/p>\n<p>&nbsp;<\/p>\n<p>El primero en salir a la cancha fue <strong>Carlos Battigelli<\/strong>, quien volvi\u00f3 a ser titular en <strong>San Miguel<\/strong> y fue testigo del empate 1 a 1 ante Agropecuario en el Estadio Malvinas Argentinas de Polvorines. Adem\u00e1s, el volante central disput\u00f3 todo el encuentro.<\/p>\n<p>&nbsp;<\/p>\n<p>Por otro lado, en R\u00edo Cuarto,<strong> Mitre<\/strong> sac\u00f3 su quinto empate en lo que va del campeonato al igualar 0 a 0 contra Estudiantes de dicha ciudad. El defensor olavarriense, <strong>Facundo Wiechniak<\/strong>, integr\u00f3 la n\u00f3mina de suplentes en el \u201cAurinegro\u201d, pero no sum\u00f3 minutos.<\/p>\n<p>&nbsp;<\/p>\n<p>En el choque de invictos en el Brigadier Estanislao L\u00f3pez, <strong>Col\u00f3n<\/strong> derrot\u00f3 1 a 0 a Gimnasia y Tiro de Salta y se convirti\u00f3 en el \u00fanico puntero de la Zona B con 18 unidades.<strong> Braian Guille<\/strong>, que regres\u00f3 tras la lesi\u00f3n muscular, fue suplente, pero no ingres\u00f3.<\/p>\n<p>&nbsp;<\/p>\n<div class=\"tiled-gallery type-rectangular tiled-gallery-unresized\" data-original-width=\"800\" data-carousel-extra='null' itemscope itemtype=\"http:\/\/schema.org\/ImageGallery\" > <div class=\"gallery-row\" style=\"width: 800px; height: 546px;\" data-original-width=\"800\" data-original-height=\"546\" > <div class=\"gallery-group images-1\" style=\"width: 800px; height: 546px;\" data-original-width=\"800\" data-original-height=\"546\" > <div class=\"tiled-gallery-item tiled-gallery-item-large\" itemprop=\"associatedMedia\" itemscope itemtype=\"http:\/\/schema.org\/ImageObject\"> <a href=\"https:\/\/i0.wp.com\/cdnoticias.com\/wp-content\/uploads\/2022\/03\/WhatsApp-Image-2022-03-12-at-7.35.37-PM-e1647204393918.jpeg?ssl=1\" border=\"0\" itemprop=\"url\"> <meta itemprop=\"width\" content=\"796\"> <meta itemprop=\"height\" content=\"542\"> <img decoding=\"async\" class=\"\" data-attachment-id=\"48964\" data-orig-file=\"https:\/\/cdnoticias.com\/wp-content\/uploads\/2022\/03\/WhatsApp-Image-2022-03-12-at-7.35.37-PM-e1647204393918.jpeg\" data-orig-size=\"1192,812\" data-comments-opened=\"\" data-image-meta=\"{&quot;aperture&quot;:&quot;0&quot;,&quot;credit&quot;:&quot;&quot;,&quot;camera&quot;:&quot;&quot;,&quot;caption&quot;:&quot;&quot;,&quot;created_timestamp&quot;:&quot;0&quot;,&quot;copyright&quot;:&quot;&quot;,&quot;focal_length&quot;:&quot;0&quot;,&quot;iso&quot;:&quot;0&quot;,&quot;shutter_speed&quot;:&quot;0&quot;,&quot;title&quot;:&quot;&quot;,&quot;orientation&quot;:&quot;0&quot;}\" data-image-title=\"WhatsApp Image 2022-03-12 at 7.35.37 PM\" data-image-description=\"\" data-medium-file=\"https:\/\/i0.wp.com\/cdnoticias.com\/wp-content\/uploads\/2022\/03\/WhatsApp-Image-2022-03-12-at-7.35.37-PM-e1647204393918.jpeg?fit=300%2C204&#038;ssl=1\" data-large-file=\"https:\/\/i0.wp.com\/cdnoticias.com\/wp-content\/uploads\/2022\/03\/WhatsApp-Image-2022-03-12-at-7.35.37-PM-e1647204393918.jpeg?fit=800%2C545&#038;ssl=1\" src=\"https:\/\/i0.wp.com\/cdnoticias.com\/wp-content\/uploads\/2022\/03\/WhatsApp-Image-2022-03-12-at-7.35.37-PM-e1647204393918.jpeg?w=796&#038;h=542&#038;ssl=1\" srcset=\"https:\/\/i0.wp.com\/cdnoticias.com\/wp-content\/uploads\/2022\/03\/WhatsApp-Image-2022-03-12-at-7.35.37-PM-e1647204393918.jpeg?w=1192&amp;ssl=1 1192w, https:\/\/i0.wp.com\/cdnoticias.com\/wp-content\/uploads\/2022\/03\/WhatsApp-Image-2022-03-12-at-7.35.37-PM-e1647204393918.jpeg?resize=300%2C204&amp;ssl=1 300w, https:\/\/i0.wp.com\/cdnoticias.com\/wp-content\/uploads\/2022\/03\/WhatsApp-Image-2022-03-12-at-7.35.37-PM-e1647204393918.jpeg?resize=1024%2C698&amp;ssl=1 1024w, https:\/\/i0.wp.com\/cdnoticias.com\/wp-content\/uploads\/2022\/03\/WhatsApp-Image-2022-03-12-at-7.35.37-PM-e1647204393918.jpeg?resize=768%2C523&amp;ssl=1 768w, https:\/\/i0.wp.com\/cdnoticias.com\/wp-content\/uploads\/2022\/03\/WhatsApp-Image-2022-03-12-at-7.35.37-PM-e1647204393918.jpeg?resize=130%2C90&amp;ssl=1 130w\" width=\"796\" height=\"542\" loading=\"lazy\" data-original-width=\"796\" data-original-height=\"542\" itemprop=\"http:\/\/schema.org\/image\" title=\"WhatsApp Image 2022-03-12 at 7.35.37 PM\" alt=\"WhatsApp Image 2022-03-12 at 7.35.37 PM\" style=\"width: 796px; height: 542px;\" \/> <\/a> <\/div> <\/div> <!-- close group --> <\/div> <!-- close row --> <\/div>\n<p>&nbsp;<\/p>\n<p>A la par, <strong>Defensores de Belgrano<\/strong> tropez\u00f3 en Resistencia y perdi\u00f3 el liderazgo y el invicto. Con <strong>Ignacio Pietrobono<\/strong> defendiendo los tres palos, el \u201cDrag\u00f3n\u201d cay\u00f3 goleado 3 a 0 en su visita a Chaco For Ever.<\/p>\n<p>&nbsp;<\/p>\n<p>En la pr\u00f3xima fecha, a disputarse este venidero fin de semana largo, San Miguel enfrentar\u00e1 a All Boys en Floresta, Col\u00f3n har\u00e1 lo propio contra Gimnasia de Mendoza, Mitre se medir\u00e1 con Aldosivi de local y Defensores de Belgrano recibir\u00e1 en el Juan Pasquale a San Telmo.<\/p>\n<p>&nbsp;<\/p>\n<p><em><strong>Foto: Prensa San Miguel.<\/strong><\/em><\/p>\n","protected":false},"excerpt":{"rendered":"<p>La 8\u00b0 fecha de la apasionante categor\u00eda de ascenso cont\u00f3 con las convocatorias de Guille, Wiechniak y Battigelli mas Pietrobono,<\/p>\n","protected":false},"author":96739694,"featured_media":160345,"comment_status":"closed","ping_status":"closed","sticky":false,"template":"","format":"standard","meta":{"_jetpack_memberships_contains_paid_content":false,"footnotes":""},"categories":[37,1],"tags":[],"class_list":["post-136447","post","type-post","status-publish","format-standard","has-post-thumbnail","hentry","category-futbol-profesional","category-portada"],"jetpack_featured_media_url":"https:\/\/i0.wp.com\/cdnoticias.com\/wp-content\/uploads\/2024\/03\/Battigelli-San-Miguel-Primera-Nacional-fecha-8.jpg?fit=1000%2C666&ssl=1","jetpack_sharing_enabled":true,"_links":{"self":[{"href":"https:\/\/cdnoticias.com\/index.php\/wp-json\/wp\/v2\/posts\/136447","targetHints":{"allow":["GET"]}}],"collection":[{"href":"https:\/\/cdnoticias.com\/index.php\/wp-json\/wp\/v2\/posts"}],"about":[{"href":"https:\/\/cdnoticias.com\/index.php\/wp-json\/wp\/v2\/types\/post"}],"author":[{"embeddable":true,"href":"https:\/\/cdnoticias.com\/index.php\/wp-json\/wp\/v2\/users\/96739694"}],"replies":[{"embeddable":true,"href":"https:\/\/cdnoticias.com\/index.php\/wp-json\/wp\/v2\/comments?post=136447"}],"version-history":[{"count":0,"href":"https:\/\/cdnoticias.com\/index.php\/wp-json\/wp\/v2\/posts\/136447\/revisions"}],"wp:featuredmedia":[{"embeddable":true,"href":"https:\/\/cdnoticias.com\/index.php\/wp-json\/wp\/v2\/media\/160345"}],"wp:attachment":[{"href":"https:\/\/cdnoticias.com\/index.php\/wp-json\/wp\/v2\/media?parent=136447"}],"wp:term":[{"taxonomy":"category","embeddable":true,"href":"https:\/\/cdnoticias.com\/index.php\/wp-json\/wp\/v2\/categories?post=136447"},{"taxonomy":"post_tag","embeddable":true,"href":"https:\/\/cdnoticias.com\/index.php\/wp-json\/wp\/v2\/tags?post=136447"}],"curies":[{"name":"wp","href":"https:\/\/api.w.org\/{rel}","templated":true}]}}