{"id":136444,"date":"2024-03-28T18:49:48","date_gmt":"2024-03-28T21:49:48","guid":{"rendered":"https:\/\/centraldeportes.com.ar\/?p=48953"},"modified":"2025-02-13T16:55:20","modified_gmt":"2025-02-13T19:55:20","slug":"penas-y-filiales-por-olavarria-reunio-y-entrego-utiles-escolares","status":"publish","type":"post","link":"https:\/\/cdnoticias.com\/index.php\/2024\/03\/28\/penas-y-filiales-por-olavarria-reunio-y-entrego-utiles-escolares\/","title":{"rendered":"\u201cPe\u00f1as y filiales por Olavarr\u00eda\u201d: reuni\u00f3 y entreg\u00f3 \u00fatiles escolares"},"content":{"rendered":"<p>Las 8 pe\u00f1as y filiales de los clubes de AFA en Olavarr\u00eda culminaron con la colecta de \u00fatiles escolares realizada durante el \u00faltimo mes de marzo e hicieron entrega del material a diferentes entidades.<!--more--><\/p>\n<hr \/>\n<p>Luego de varias semanas de lanzada la campa\u00f1a de recolecci\u00f3n de \u00fatiles escolares Pe\u00f1as y filiales por Olavarr\u00eda hicieron entrega de lo recaudado a diferentes entidades educativas del Partido.<\/p>\n<p>&nbsp;<\/p>\n<p>Desde la uni\u00f3n de pe\u00f1as sostuvieron: \u201cEl resultado de la campa\u00f1a fue altamente positivo por la cantidad de \u00fatiles y materiales que se recolectaron y por eso desde las pe\u00f1as y filiales agradecemos a todos los que acercaron sus colaboraciones porque colaboraron para demostrar que la pasi\u00f3n puede unirnos con fines ben\u00e9ficos\u201d.<\/p>\n","protected":false},"excerpt":{"rendered":"<p>Las 8 pe\u00f1as y filiales de los clubes de AFA en Olavarr\u00eda culminaron con la colecta de \u00fatiles escolares realizada<\/p>\n","protected":false},"author":96739694,"featured_media":160352,"comment_status":"closed","ping_status":"closed","sticky":false,"template":"","format":"standard","meta":{"_jetpack_memberships_contains_paid_content":false,"footnotes":""},"categories":[30,1],"tags":[],"class_list":["post-136444","post","type-post","status-publish","format-standard","has-post-thumbnail","hentry","category-polideportivo","category-portada"],"jetpack_featured_media_url":"https:\/\/i0.wp.com\/cdnoticias.com\/wp-content\/uploads\/2024\/03\/WhatsApp-Image-2024-03-28-at-09.32.55-e1711662580421.jpeg?fit=1594%2C954&ssl=1","jetpack_sharing_enabled":true,"_links":{"self":[{"href":"https:\/\/cdnoticias.com\/index.php\/wp-json\/wp\/v2\/posts\/136444","targetHints":{"allow":["GET"]}}],"collection":[{"href":"https:\/\/cdnoticias.com\/index.php\/wp-json\/wp\/v2\/posts"}],"about":[{"href":"https:\/\/cdnoticias.com\/index.php\/wp-json\/wp\/v2\/types\/post"}],"author":[{"embeddable":true,"href":"https:\/\/cdnoticias.com\/index.php\/wp-json\/wp\/v2\/users\/96739694"}],"replies":[{"embeddable":true,"href":"https:\/\/cdnoticias.com\/index.php\/wp-json\/wp\/v2\/comments?post=136444"}],"version-history":[{"count":0,"href":"https:\/\/cdnoticias.com\/index.php\/wp-json\/wp\/v2\/posts\/136444\/revisions"}],"wp:featuredmedia":[{"embeddable":true,"href":"https:\/\/cdnoticias.com\/index.php\/wp-json\/wp\/v2\/media\/160352"}],"wp:attachment":[{"href":"https:\/\/cdnoticias.com\/index.php\/wp-json\/wp\/v2\/media?parent=136444"}],"wp:term":[{"taxonomy":"category","embeddable":true,"href":"https:\/\/cdnoticias.com\/index.php\/wp-json\/wp\/v2\/categories?post=136444"},{"taxonomy":"post_tag","embeddable":true,"href":"https:\/\/cdnoticias.com\/index.php\/wp-json\/wp\/v2\/tags?post=136444"}],"curies":[{"name":"wp","href":"https:\/\/api.w.org\/{rel}","templated":true}]}}