{"id":136440,"date":"2024-03-27T22:47:35","date_gmt":"2024-03-28T01:47:35","guid":{"rendered":"https:\/\/centraldeportes.com.ar\/?p=48932"},"modified":"2025-02-13T16:51:49","modified_gmt":"2025-02-13T19:51:49","slug":"federal-a-cuadruple-presencia-olavarriense-en-la-fecha-debut","status":"publish","type":"post","link":"https:\/\/cdnoticias.com\/index.php\/2024\/03\/27\/federal-a-cuadruple-presencia-olavarriense-en-la-fecha-debut\/","title":{"rendered":"Federal A: cu\u00e1druple presencia olavarriense en la fecha debut"},"content":{"rendered":"<p>El pasado fin de semana, el tercer escal\u00f3n del f\u00fatbol argentino inici\u00f3 una nueva temporada y hubo minutos para Mar\u00edn, San Juli\u00e1n, Ferreira y Troncoso.<!--more--><\/p>\n<hr \/>\n<p>Con un largo camino por recorrer y el objetivo del ascenso a punto de comenzar, los treinta y ocho equipos del <strong>Torneo Federal A<\/strong> iniciaron una nueva temporada y, dentro de las Zonas A y B, se encuentran varios futbolistas olavarrienses.<\/p>\n<p>&nbsp;<\/p>\n<p>Por un lado, en el Estadio El Fort\u00edn de Rawson, <strong>C\u00edrculo Deportivo<\/strong> cay\u00f3 goleado 3 a 0 en su estreno frente a Germinal. El ex Ferro Carril Sud, <strong>Diego San Juli\u00e1n<\/strong>, inici\u00f3 las acciones en el banco de suplentes e ingres\u00f3 a los 39\u2019 del segundo tiempo en lugar de Gast\u00f3n Comas.<\/p>\n<p>&nbsp;<\/p>\n<p>Tambi\u00e9n debut\u00f3 con derrota <strong>Santamarina<\/strong> de Tandil, que cay\u00f3 2 a 0 frente a Villa Mitre en condici\u00f3n de visitante. All\u00ed, <strong>Quimey Mar\u00edn<\/strong> integr\u00f3 la n\u00f3mina de suplentes y salt\u00f3 al campo de juego a los 60\u2019 por Elian Tus.<\/p>\n<p>&nbsp;<\/p>\n<p>Bajo el mismo grupo,<strong> Deportivo Rinc\u00f3n<\/strong>, que tiene a <strong>Nicol\u00e1s Di Bello<\/strong> lesionado (edema \u00f3seo), perdi\u00f3 1 a 0 con Sol de Mayo en Viedma. Adem\u00e1s, el debut de <strong>Agust\u00edn Osinaga<\/strong> y <strong>Nadir Hadad<\/strong> en Olimpo deber\u00e1 esperar, ya que el \u201cAurinegro\u201d tuvo el compromiso por Copa Argentina.<\/p>\n<p>&nbsp;<\/p>\n<figure id=\"attachment_48933\" aria-describedby=\"caption-attachment-48933\" style=\"width: 1000px\" class=\"wp-caption aligncenter\"><img data-recalc-dims=\"1\" loading=\"lazy\" decoding=\"async\" class=\"wp-image-48933 size-full\" src=\"https:\/\/i0.wp.com\/cdnoticias.com\/wp-content\/uploads\/2024\/03\/Ferreira-Camioneros-Federal-A-Fecha-1-e1711590334724.jpeg?resize=800%2C474&#038;ssl=1\" alt=\"\" width=\"800\" height=\"474\" \/><figcaption id=\"caption-attachment-48933\" class=\"wp-caption-text\">Maximiliano Ferreira en Camioneros (el segundo de abajo a la izquierda)<\/figcaption><\/figure>\n<p>&nbsp;<\/p>\n<p>En la Zona B, <strong>Ciudad de Bol\u00edvar<\/strong> arranc\u00f3 de la mejor manera y derrot\u00f3 2 a 1 al recientemente ascendido, Guti\u00e9rrez de Mendoza. El delantero olavarriense, <strong>Alfredo Troncoso<\/strong>, fue suplente y entr\u00f3 a los 20\u2019 del segundo tiempo por Luciano V\u00e1zquez.<\/p>\n<p>&nbsp;<\/p>\n<p>A su vez,<strong> Juventud Unida<\/strong>, con <strong>Nicol\u00e1s Serantes, Mat\u00edas Gonz\u00e1lez y Rub\u00e9n Istilliarte<\/strong> en el cuerpo t\u00e9cnico, debut\u00f3 con empate. Fue 0 a 0 en San Luis contra Argentino de Monte Ma\u00edz.<\/p>\n<p>&nbsp;<\/p>\n<p>Por otro lado, <strong>Camioneros<\/strong>, equipo que tiene en sus filas a <strong>Maximiliano Ferreira<\/strong>, perdi\u00f3 1 a 0 sobre el final ante Atl\u00e9tico San Mart\u00edn de Mendoza en su regreso a la categor\u00eda. El defensor olavarriense, adem\u00e1s, complet\u00f3 los 90\u2019 reglamentarios.<\/p>\n<p>&nbsp;<\/p>\n<p><em><strong>Foto: Prensa Ciudad de Bol\u00edvar.<\/strong><\/em><\/p>\n","protected":false},"excerpt":{"rendered":"<p>El pasado fin de semana, el tercer escal\u00f3n del f\u00fatbol argentino inici\u00f3 una nueva temporada y hubo minutos para Mar\u00edn,<\/p>\n","protected":false},"author":96739694,"featured_media":160225,"comment_status":"closed","ping_status":"closed","sticky":false,"template":"","format":"standard","meta":{"_jetpack_memberships_contains_paid_content":false,"footnotes":""},"categories":[37,1],"tags":[],"class_list":["post-136440","post","type-post","status-publish","format-standard","has-post-thumbnail","hentry","category-futbol-profesional","category-portada"],"jetpack_featured_media_url":"https:\/\/i0.wp.com\/cdnoticias.com\/wp-content\/uploads\/2024\/03\/Troncoso-Ciudad-de-Bolivar-Federal-A-Fecha-1-e1711590267366.jpeg?fit=941%2C571&ssl=1","jetpack_sharing_enabled":true,"_links":{"self":[{"href":"https:\/\/cdnoticias.com\/index.php\/wp-json\/wp\/v2\/posts\/136440","targetHints":{"allow":["GET"]}}],"collection":[{"href":"https:\/\/cdnoticias.com\/index.php\/wp-json\/wp\/v2\/posts"}],"about":[{"href":"https:\/\/cdnoticias.com\/index.php\/wp-json\/wp\/v2\/types\/post"}],"author":[{"embeddable":true,"href":"https:\/\/cdnoticias.com\/index.php\/wp-json\/wp\/v2\/users\/96739694"}],"replies":[{"embeddable":true,"href":"https:\/\/cdnoticias.com\/index.php\/wp-json\/wp\/v2\/comments?post=136440"}],"version-history":[{"count":0,"href":"https:\/\/cdnoticias.com\/index.php\/wp-json\/wp\/v2\/posts\/136440\/revisions"}],"wp:featuredmedia":[{"embeddable":true,"href":"https:\/\/cdnoticias.com\/index.php\/wp-json\/wp\/v2\/media\/160225"}],"wp:attachment":[{"href":"https:\/\/cdnoticias.com\/index.php\/wp-json\/wp\/v2\/media?parent=136440"}],"wp:term":[{"taxonomy":"category","embeddable":true,"href":"https:\/\/cdnoticias.com\/index.php\/wp-json\/wp\/v2\/categories?post=136440"},{"taxonomy":"post_tag","embeddable":true,"href":"https:\/\/cdnoticias.com\/index.php\/wp-json\/wp\/v2\/tags?post=136440"}],"curies":[{"name":"wp","href":"https:\/\/api.w.org\/{rel}","templated":true}]}}