{"id":136439,"date":"2024-03-27T20:03:09","date_gmt":"2024-03-27T23:03:09","guid":{"rendered":"https:\/\/centraldeportes.com.ar\/?p=48929"},"modified":"2025-02-13T16:51:52","modified_gmt":"2025-02-13T19:51:52","slug":"mateo-mendia-sello-su-vinculo-profesional-con-boca-juniors","status":"publish","type":"post","link":"https:\/\/cdnoticias.com\/index.php\/2024\/03\/27\/mateo-mendia-sello-su-vinculo-profesional-con-boca-juniors\/","title":{"rendered":"Mateo Mend\u00eda sell\u00f3 su v\u00ednculo profesional con Boca Juniors"},"content":{"rendered":"<p>El defensor olavarriense dio un importante paso en su carrera y firm\u00f3 contrato por cuatro a\u00f1os con la instituci\u00f3n \u201cXeneize\u201d.<!--more--><\/p>\n<hr \/>\n<p>El plantel profesional de <strong>Boca Juniors<\/strong> sum\u00f3 otro futbolista olavarriense a sus filas.<\/p>\n<p>&nbsp;<\/p>\n<p>Se trata de<strong> Mateo Mend\u00eda<\/strong>, surgido de Loma Negra, quien el pasado jueves <strong>firm\u00f3 su primer contrato profesional con el \u201cXeneize\u201d<\/strong>.<\/p>\n<p>&nbsp;<\/p>\n<p>El defensor, categor\u00eda 2004, se encuentra en la instituci\u00f3n desde infantiles, fue varias veces campe\u00f3n en las tiras de Inferiores y, adem\u00e1s, el a\u00f1o pasado integr\u00f3 el plantel que se coron\u00f3 campe\u00f3n de la Copa Intercontinental Sub 20.<\/p>\n<p>&nbsp;<\/p>\n<p><strong>Sell\u00f3 v\u00ednculo por cuatro a\u00f1os, hasta diciembre de 2028.<\/strong><\/p>\n","protected":false},"excerpt":{"rendered":"<p>El defensor olavarriense dio un importante paso en su carrera y firm\u00f3 contrato por cuatro a\u00f1os con la instituci\u00f3n \u201cXeneize\u201d.<\/p>\n","protected":false},"author":96739694,"featured_media":160230,"comment_status":"closed","ping_status":"closed","sticky":false,"template":"","format":"standard","meta":{"_jetpack_memberships_contains_paid_content":false,"footnotes":""},"categories":[37,1],"tags":[],"class_list":["post-136439","post","type-post","status-publish","format-standard","has-post-thumbnail","hentry","category-futbol-profesional","category-portada"],"jetpack_featured_media_url":"https:\/\/i0.wp.com\/cdnoticias.com\/wp-content\/uploads\/2024\/03\/Mateo-Mendia-Boca-Juniors-e1711580571266.jpg?fit=1000%2C633&ssl=1","jetpack_sharing_enabled":true,"_links":{"self":[{"href":"https:\/\/cdnoticias.com\/index.php\/wp-json\/wp\/v2\/posts\/136439","targetHints":{"allow":["GET"]}}],"collection":[{"href":"https:\/\/cdnoticias.com\/index.php\/wp-json\/wp\/v2\/posts"}],"about":[{"href":"https:\/\/cdnoticias.com\/index.php\/wp-json\/wp\/v2\/types\/post"}],"author":[{"embeddable":true,"href":"https:\/\/cdnoticias.com\/index.php\/wp-json\/wp\/v2\/users\/96739694"}],"replies":[{"embeddable":true,"href":"https:\/\/cdnoticias.com\/index.php\/wp-json\/wp\/v2\/comments?post=136439"}],"version-history":[{"count":0,"href":"https:\/\/cdnoticias.com\/index.php\/wp-json\/wp\/v2\/posts\/136439\/revisions"}],"wp:featuredmedia":[{"embeddable":true,"href":"https:\/\/cdnoticias.com\/index.php\/wp-json\/wp\/v2\/media\/160230"}],"wp:attachment":[{"href":"https:\/\/cdnoticias.com\/index.php\/wp-json\/wp\/v2\/media?parent=136439"}],"wp:term":[{"taxonomy":"category","embeddable":true,"href":"https:\/\/cdnoticias.com\/index.php\/wp-json\/wp\/v2\/categories?post=136439"},{"taxonomy":"post_tag","embeddable":true,"href":"https:\/\/cdnoticias.com\/index.php\/wp-json\/wp\/v2\/tags?post=136439"}],"curies":[{"name":"wp","href":"https:\/\/api.w.org\/{rel}","templated":true}]}}